{"id":989,"date":"2009-01-21T13:58:18","date_gmt":"2009-01-21T18:58:18","guid":{"rendered":"http:\/\/unidadsiporelcambio.wordpress.com\/?p=989"},"modified":"2009-01-21T13:58:18","modified_gmt":"2009-01-21T18:58:18","slug":"floresmilo-simbana-ecologismo-infantil-o-desarrollismo-senil","status":"publish","type":"post","link":"https:\/\/politicaysociedad.com\/index.php\/2009\/01\/21\/floresmilo-simbana-ecologismo-infantil-o-desarrollismo-senil\/","title":{"rendered":"Floresmilo Simba\u00f1a: \u00bfEcologismo infantil o desarrollismo senil?"},"content":{"rendered":"<p><a href=\"http:\/\/politicaysociedad.com\/wp-content\/uploads\/2009\/01\/floresmilosimbana.jpg\"><img loading=\"lazy\" decoding=\"async\" class=\"alignleft size-full wp-image-990\" title=\"floresmilosimbana\" src=\"http:\/\/politicaysociedad.com\/wp-content\/uploads\/2009\/01\/floresmilosimbana.jpg\" alt=\"floresmilosimbana\" width=\"100\" height=\"50\" \/><\/a>Esta es la pregunta que se hace el intelectual catal\u00e1n Joan Mart\u00ednez Allier, al analizar el modelo de desarrollo impulsado por el Gobierno ecuatoriano. Afirma que Correa \u201ccomparte la idea de que es necesario desarrollar a cualquier costo las fuerzas productivas y crecer, crecer y crecer\u201d, sin responder claramente a sus graves consecuencias.<br \/>\nEl Ecuador intent\u00f3 a partir de los a\u00f1os \u201960, de siglo XX, implementar el modelo de desarrollo basado en la industrializaci\u00f3n, financiado en parte con deuda externa pero, sobre todo, con la explotaci\u00f3n petrolera. La ansiada industrializaci\u00f3n no se dio, mucho menos el crecimiento econ\u00f3mico, aumentando \u00fanicamente la deuda externa: de 380,4 millones de d\u00f3lares en 1973, para 1984 deb\u00edamos 6.949,2 millones, a\u00f1o en que se clausur\u00f3 definitivamente dicho proyecto.<br \/>\nLa propuesta del Gobierno de financiar el crecimiento econ\u00f3mico con la ampliaci\u00f3n de la frontera petrolera y la apertura de una etapa minera a gran escala, planteamiento sostenido por los tres \u00faltimos gobiernos, ha provocado reacciones desde muchos sectores. Desde los movimientos populares, particularmente desde el movimiento ind\u00edgena, se hacen varias observaciones y propuestas alternativas, tanto al modelo gubernamental como a los contenidos de los proyectos de leyes que lo viabilizar\u00edan: el de soberan\u00eda alimentaria, de aguas y miner\u00eda. La respuesta del Gobierno no ha sido precisamente la apertura al debate con estos sectores, pero con los empresarios s\u00ed lo hemos visto almorzar y conversar en varias ocasiones.<\/p>\n<p>\u201c\u00bfAcaso es esa la diferencia entre una revoluci\u00f3n socialista y la revoluci\u00f3n ciudadana?\u201d<\/p>\n<p>Estos tres proyectos de ley dieron pie a respuestas encontradas. Por un lado, ante la actitud cr\u00edtica y entrega de propuestas alternativas por parte del movimiento ind\u00edgena y otros sectores sociales, los sectores empresariales, particularmente los mineros, comerciales, petroleros y agroindustriales, que atacan y dialogan con el Gobierno, fuera de la escena p\u00fablica, arremeten contra las organizaciones populares. Luego de la movilizaci\u00f3n del 19 de noviembre pasado en el sector de Cajas, donde la CONAIE present\u00f3 sus proyectos de leyes de agua y soberan\u00eda alimentaria, se realiz\u00f3 en Cayambe una reuni\u00f3n de floricultores y hacendados para dise\u00f1ar estrategias cuyo objetivo es \u201ccontrarrestar la fuerza ind\u00edgena\u201d, por considerarla una amenaza para sus intereses. A prop\u00f3sito del paro minero sostenido por las comunidades afectadas por la explotaci\u00f3n minera, se dieron hechos de violencia rechazados por los propios dirigentes, pero el Gobierno en lugar de investigarlos, utiliza sin ninguna \u00e9tica esas im\u00e1genes para deslegitimar y criminalizar la resistencia popular.<br \/>\n\u00bfC\u00f3mo entender que desde Cuba, que celebra 50 a\u00f1os de revoluci\u00f3n, se agreda a organizaciones de izquierda que no son sumisas al Gobierno? Desde el pa\u00eds socialista se amenaz\u00f3 con encarcelar a los trabajadores que quieran reclamar y defender sus derechos. Desde la patria que ha sostenido la dignidad de los pueblos oprimidos, calific\u00f3 de delincuentes y criminales a los luchadores sociales.<br \/>\n\u00bfAcaso es esa la diferencia entre una revoluci\u00f3n socialista y la revoluci\u00f3n ciudadana?<\/p>\n","protected":false},"excerpt":{"rendered":"<p>&#8230;\u00bbLa propuesta del Gobierno de financiar el crecimiento econ\u00f3mico con la ampliaci\u00f3n de la frontera petrolera y la apertura de una etapa minera a gran escala, planteamiento sostenido por los tres \u00faltimos gobiernos, ha provocado reacciones desde muchos sectores. Desde los movimientos populares, particularmente desde el movimiento ind\u00edgena, se hacen varias observaciones y propuestas alternativas, tanto al modelo gubernamental como a los contenidos de los proyectos de leyes que lo viabilizar\u00edan: el de soberan\u00eda alimentaria, de aguas y miner\u00eda. La respuesta del Gobierno no ha sido precisamente la apertura al debate con estos sectores, pero con los empresarios s\u00ed lo hemos visto almorzar y conversar en varias ocasiones.\u00bb&#8230;<\/p>\n","protected":false},"author":1,"featured_media":0,"comment_status":"open","ping_status":"open","sticky":false,"template":"","format":"standard","meta":{"footnotes":""},"categories":[7],"tags":[366,486,541,692,936,1484],"class_list":["post-989","post","type-post","status-publish","format-standard","hentry","category-general","tag-conaie","tag-desarrollismo-senil","tag-ecologismo-infantil","tag-floresmilo-simbana","tag-joan-martinez-allier","tag-revolucion-ciudadana"],"blocksy_meta":[],"_links":{"self":[{"href":"https:\/\/politicaysociedad.com\/index.php\/wp-json\/wp\/v2\/posts\/989","targetHints":{"allow":["GET"]}}],"collection":[{"href":"https:\/\/politicaysociedad.com\/index.php\/wp-json\/wp\/v2\/posts"}],"about":[{"href":"https:\/\/politicaysociedad.com\/index.php\/wp-json\/wp\/v2\/types\/post"}],"author":[{"embeddable":true,"href":"https:\/\/politicaysociedad.com\/index.php\/wp-json\/wp\/v2\/users\/1"}],"replies":[{"embeddable":true,"href":"https:\/\/politicaysociedad.com\/index.php\/wp-json\/wp\/v2\/comments?post=989"}],"version-history":[{"count":0,"href":"https:\/\/politicaysociedad.com\/index.php\/wp-json\/wp\/v2\/posts\/989\/revisions"}],"wp:attachment":[{"href":"https:\/\/politicaysociedad.com\/index.php\/wp-json\/wp\/v2\/media?parent=989"}],"wp:term":[{"taxonomy":"category","embeddable":true,"href":"https:\/\/politicaysociedad.com\/index.php\/wp-json\/wp\/v2\/categories?post=989"},{"taxonomy":"post_tag","embeddable":true,"href":"https:\/\/politicaysociedad.com\/index.php\/wp-json\/wp\/v2\/tags?post=989"}],"curies":[{"name":"wp","href":"https:\/\/api.w.org\/{rel}","templated":true}]}}