{"id":899,"date":"2009-01-12T09:58:31","date_gmt":"2009-01-12T14:58:31","guid":{"rendered":"http:\/\/unidadsiporelcambio.wordpress.com\/?p=899"},"modified":"2009-01-12T09:58:31","modified_gmt":"2009-01-12T14:58:31","slug":"juan-paz-y-mino-deuda-ilegitima-ayer-y-hoy-5","status":"publish","type":"post","link":"https:\/\/politicaysociedad.com\/index.php\/2009\/01\/12\/juan-paz-y-mino-deuda-ilegitima-ayer-y-hoy-5\/","title":{"rendered":"Juan Paz y Mi\u00f1o: Deuda ileg\u00edtima: ayer y hoy (5)"},"content":{"rendered":"<p><a href=\"http:\/\/unidadsiporelcambio.files.wordpress.com\/2008\/11\/image002.gif\"><img loading=\"lazy\" decoding=\"async\" class=\"alignleft size-full wp-image-483\" title=\"pazymino\" src=\"http:\/\/unidadsiporelcambio.files.wordpress.com\/2008\/11\/image002.gif\" alt=\"pazymino\" width=\"143\" height=\"71\" \/><\/a>La \u201cdeuda de la Independencia\u201d pes\u00f3 gravemente sobre la historia ecuatoriana. Y al comenzar el siglo XX la deuda estatal con los bancos privados fue otra carga. El Estado lleg\u00f3 a ser un eslab\u00f3n de la poderosa oligarqu\u00eda bancaria-comercial. Hasta que la Revoluci\u00f3n Juliana (1925) puso en orden a esa \u201cplutocracia\u201d. Solo entonces surgi\u00f3 una institucionalidad estatal en los \u00f3rdenes econ\u00f3mico, social y laboral, que recuper\u00f3 los intereses de la naci\u00f3n, reflejados en la Constituci\u00f3n de 1929.<\/p>\n<p>Desde entonces, contrariamente a lo que se dice, la intervenci\u00f3n econ\u00f3mica del Estado ha sido un elemento dinamizador en la modernizaci\u00f3n del pa\u00eds, aunque por \u201coleadas\u201d. Entre 1931-1948, la crisis econ\u00f3mica se conjug\u00f3 con la inestabilidad, pues hubo 20 gobiernos. Entre 1948-1960 hubo estabilidad gubernamental compaginada con el auge del banano, entre otras razones porque Galo Plaza (1948-1952) retom\u00f3 la participaci\u00f3n del Estado, con lo que se ampliaron los capitales externos (United Fruit, luego BHU y First National City Bank) y aparecieron los primeros cr\u00e9ditos del EXIMBANC, todo lo cual afirm\u00f3 la dependencia del Ecuador hacia los EEUU.<\/p>\n<p>En los sesentas, pero sobre todo en los setentas con el petr\u00f3leo, la fuerte intervenci\u00f3n estatal moderniz\u00f3 como nunca antes la econom\u00eda ecuatoriana. Solo entonces se derrumb\u00f3 la estructura olig\u00e1rquico-terrateniente, el pa\u00eds se industrializ\u00f3 y mejoraron las condiciones sociales. La deuda externa pas\u00f3 a manos de los organismos internacionales: BID, Banco Mundial y FMI. Sin embargo, hasta mediados de los setenta, el Ecuador no estuvo altamente endeudado e incluso en 1974 cancel\u00f3 totalmente la \u201cdeuda de la Independencia\u201d. En 1976, en cambio, el Consejo Supremo de Gobierno inici\u00f3 el \u201cagresivo\u201d endeudamiento externo, cuyas nefastas consecuencias se advertir\u00edan con los gobiernos constitucionales iniciados en 1979.<\/p>\n<p>A su vez y contra el \u201cdesarrollismo\u201d estatista, fue creciendo la resistencia del alto empresariado y de las c\u00e1maras de la producci\u00f3n. Su sistem\u00e1tica posici\u00f3n \u201cantiestatista\u201d logr\u00f3 entronizarse durante los pasados veinticinco a\u00f1os, alentada por el \u201cneoliberalismo\u201d reinante. A su vez, tambi\u00e9n esos fueron los a\u00f1os de las irresponsables e ileg\u00edtimas negociaciones de la deuda externa \u201cneoliberal\u201d. Las graves consecuencias sociales y pol\u00edticas de aquel \u201cmodelo\u201d de desarrollo pesan hasta el presente.<\/p>\n<p>Con el gobierno de Rafael Correa, con el proceso constituyente que ha vivido el Ecuador y con la nueva Constituci\u00f3n de 2008 se inici\u00f3 un nuevo ciclo hist\u00f3rico. Otra vez comenz\u00f3 la reinstitucionalizaci\u00f3n del Estado, se impuso el inter\u00e9s nacional y p\u00fablico sobre los intereses privados y se restauraron y avanzaron los derechos laborales y sociales, que tuvieron lento progreso desde la \u00e9poca juliana y que fueron seriamente afectados con la \u201cflexibilidad\u201d neo liberal de las \u00faltimas dos d\u00e9cadas. Tambi\u00e9n comenz\u00f3 otro tratamiento sobre la deuda externa. Todo ello es lo que despert\u00f3 las resistencias de las \u00e9lites privadas beneficiarias del \u201cmodelo empresarial\u201d de desarrollo anterior. Continuaremos.<\/p>\n","protected":false},"excerpt":{"rendered":"<p>&#8230;\u00bbEn los sesentas, pero sobre todo en los setentas con el petr\u00f3leo, la fuerte intervenci\u00f3n estatal moderniz\u00f3 como nunca antes la econom\u00eda ecuatoriana. Solo entonces se derrumb\u00f3 la estructura olig\u00e1rquico-terrateniente, el pa\u00eds se industrializ\u00f3 y mejoraron las condiciones sociales. La deuda externa pas\u00f3 a manos de los organismos internacionales: BID, Banco Mundial y FMI. Sin embargo, hasta mediados de los\u00bb&#8230;<\/p>\n","protected":false},"author":1,"featured_media":0,"comment_status":"open","ping_status":"open","sticky":false,"template":"","format":"standard","meta":{"footnotes":""},"categories":[7],"tags":[494,496,556,645,735,966],"class_list":["post-899","post","type-post","status-publish","format-standard","hentry","category-general","tag-deuda-de-la-independencia","tag-deuda-externa-ecuatoriana","tag-ecuador","tag-eximbanc","tag-galo-plaza","tag-juan-paz-y-mino"],"blocksy_meta":[],"_links":{"self":[{"href":"https:\/\/politicaysociedad.com\/index.php\/wp-json\/wp\/v2\/posts\/899","targetHints":{"allow":["GET"]}}],"collection":[{"href":"https:\/\/politicaysociedad.com\/index.php\/wp-json\/wp\/v2\/posts"}],"about":[{"href":"https:\/\/politicaysociedad.com\/index.php\/wp-json\/wp\/v2\/types\/post"}],"author":[{"embeddable":true,"href":"https:\/\/politicaysociedad.com\/index.php\/wp-json\/wp\/v2\/users\/1"}],"replies":[{"embeddable":true,"href":"https:\/\/politicaysociedad.com\/index.php\/wp-json\/wp\/v2\/comments?post=899"}],"version-history":[{"count":0,"href":"https:\/\/politicaysociedad.com\/index.php\/wp-json\/wp\/v2\/posts\/899\/revisions"}],"wp:attachment":[{"href":"https:\/\/politicaysociedad.com\/index.php\/wp-json\/wp\/v2\/media?parent=899"}],"wp:term":[{"taxonomy":"category","embeddable":true,"href":"https:\/\/politicaysociedad.com\/index.php\/wp-json\/wp\/v2\/categories?post=899"},{"taxonomy":"post_tag","embeddable":true,"href":"https:\/\/politicaysociedad.com\/index.php\/wp-json\/wp\/v2\/tags?post=899"}],"curies":[{"name":"wp","href":"https:\/\/api.w.org\/{rel}","templated":true}]}}