{"id":841,"date":"2009-01-06T08:01:48","date_gmt":"2009-01-06T13:01:48","guid":{"rendered":"http:\/\/unidadsiporelcambio.wordpress.com\/?p=841"},"modified":"2009-01-06T08:01:48","modified_gmt":"2009-01-06T13:01:48","slug":"raul-castro-las-revoluciones-solo-avanzan-cuando-las-lleva-adelante-el-pueblo","status":"publish","type":"post","link":"https:\/\/politicaysociedad.com\/index.php\/2009\/01\/06\/raul-castro-las-revoluciones-solo-avanzan-cuando-las-lleva-adelante-el-pueblo\/","title":{"rendered":"Ra\u00fal Castro: \u201cLAS REVOLUCIONES S\u00d3LO AVANZAN CUANDO LAS LLEVA ADELANTE EL PUEBLO\u00bb"},"content":{"rendered":"<p>(Remitido por Carlos Crespo)<\/p>\n<p><a href=\"http:\/\/politicaysociedad.com\/wp-content\/uploads\/2009\/01\/fidel_raul_castro.jpg\"><img loading=\"lazy\" decoding=\"async\" class=\"alignleft size-medium wp-image-842\" title=\"CUBA\" src=\"http:\/\/politicaysociedad.com\/wp-content\/uploads\/2009\/01\/fidel_raul_castro.jpg?w=300\" alt=\"CUBA\" width=\"300\" height=\"216\" \/><\/a>El pueblo cubano celebr\u00f3 este jueves los 50 a\u00f1os del inicio de la revoluci\u00f3n dirigida por Fidel Castro Ruz, en un acto organizado frente al antiguo Ayuntamiento, sitio en el que el l\u00edder proclam\u00f3 el triunfo el 1 de enero de 1959.<\/p>\n<div>El evento fue presidido por el actual mandatario, Ra\u00fal Castro, quien se encarg\u00f3 de rendir homenaje mediante un emotivo discurso a los \u00abh\u00e9roes y m\u00e1rtires de la Patria\u00bb que participaron en el asalto al Cuartel Moncada que provoc\u00f3 el derrocamiento de Fulgencio Batista.<\/p>\n<p>\u201cLas revoluciones s\u00f3lo avanzan cuando las lleva adelante el pueblo. Haber comprendido esa verdad y actuado en consecuencia ha sido factor decisivo de la victoria de la Revoluci\u00f3n cubana frente a enemigos, dificultades y retos en apariencia invencibles\u00bb, asegur\u00f3 el presidente cubano.<\/p><\/div>\n<p>\u00abAprendimos en el rigor de la lucha a transformar sue\u00f1os en realidades, a no perder la confianza frente a los peligros, a recobrar el \u00e1nimo frente a los reveses, en convertir en victoria cada reto, y a enfrentar todas la adversidades en las que estuvimos\u00bb<\/p>\n<p>\u00abAl arribar al primer medio siglo de Revoluci\u00f3n triunfante, llegue el principal tributo a nuestro maravilloso pueblo\u00bb, expres\u00f3 el mandatario durante el discurso en Santiago de Cuba.<\/p>\n<p>Horas antes del acto, Ra\u00fal Castro asegur\u00f3 en una entrevista televisiva que \u00abel pueblo de Cuba se siente orgulloso de s\u00ed mismo y de su revoluci\u00f3n\u00bb.<\/p>\n<p>\u00abEstos 50 a\u00f1os son heroicos, tenemos que sentirnos orgullosos de todo lo que hemos vivido, y tenemos que continuar porque el imperialismo est\u00e1 ah\u00ed\u00bb, expres\u00f3 en una entrevista emitida por la televisi\u00f3n cubana.<\/p>\n<p>Durante los festejos del 50 aniversario de la conquista revolucionaria, el presidente de la isla convoc\u00f3 a los dirigentes a \u00abno apartarse jam\u00e1s de los obreros, campesinos y el pueblo\u00bb.<\/p>\n<p>Adem\u00e1s, Ra\u00fal Castro afirm\u00f3 que \u00ablos pr\u00f3ximos 50 a\u00f1os ser\u00e1n de permanente lucha\u00bb, en el marco de las actuales turbulencias del mundo contempor\u00e1neo.<\/p>\n<p><strong>Fuente:<\/strong> Pulsar\/Telesur<\/p>\n","protected":false},"excerpt":{"rendered":"<p>&#8230;\u00bbEstos 50 a\u00f1os son heroicos, tenemos que sentirnos orgullosos de todo lo que hemos vivido, y tenemos que continuar porque el imperialismo est\u00e1 ah\u00ed\u00bb, expres\u00f3 en una entrevista emitida por la televisi\u00f3n cubana.\u00bb&#8230;<\/p>\n","protected":false},"author":1,"featured_media":0,"comment_status":"open","ping_status":"open","sticky":false,"template":"","format":"standard","meta":{"footnotes":""},"categories":[7],"tags":[108,449,682,718,1433,1485],"class_list":["post-841","post","type-post","status-publish","format-standard","hentry","category-general","tag-aniversario-revolucion-cubana","tag-cuba","tag-fidel-castro","tag-fulgencio-batista","tag-raul-castro","tag-revolucion-cubana"],"blocksy_meta":[],"_links":{"self":[{"href":"https:\/\/politicaysociedad.com\/index.php\/wp-json\/wp\/v2\/posts\/841","targetHints":{"allow":["GET"]}}],"collection":[{"href":"https:\/\/politicaysociedad.com\/index.php\/wp-json\/wp\/v2\/posts"}],"about":[{"href":"https:\/\/politicaysociedad.com\/index.php\/wp-json\/wp\/v2\/types\/post"}],"author":[{"embeddable":true,"href":"https:\/\/politicaysociedad.com\/index.php\/wp-json\/wp\/v2\/users\/1"}],"replies":[{"embeddable":true,"href":"https:\/\/politicaysociedad.com\/index.php\/wp-json\/wp\/v2\/comments?post=841"}],"version-history":[{"count":0,"href":"https:\/\/politicaysociedad.com\/index.php\/wp-json\/wp\/v2\/posts\/841\/revisions"}],"wp:attachment":[{"href":"https:\/\/politicaysociedad.com\/index.php\/wp-json\/wp\/v2\/media?parent=841"}],"wp:term":[{"taxonomy":"category","embeddable":true,"href":"https:\/\/politicaysociedad.com\/index.php\/wp-json\/wp\/v2\/categories?post=841"},{"taxonomy":"post_tag","embeddable":true,"href":"https:\/\/politicaysociedad.com\/index.php\/wp-json\/wp\/v2\/tags?post=841"}],"curies":[{"name":"wp","href":"https:\/\/api.w.org\/{rel}","templated":true}]}}