{"id":732,"date":"2008-12-19T10:08:38","date_gmt":"2008-12-19T15:08:38","guid":{"rendered":"http:\/\/unidadsiporelcambio.wordpress.com\/?p=732"},"modified":"2008-12-19T10:08:38","modified_gmt":"2008-12-19T15:08:38","slug":"pasalavoz-dia-internacional-de-las-y-los-migrantes","status":"publish","type":"post","link":"https:\/\/politicaysociedad.com\/index.php\/2008\/12\/19\/pasalavoz-dia-internacional-de-las-y-los-migrantes\/","title":{"rendered":"Pasalavoz: D\u00eda internacional de las y los migrantes:"},"content":{"rendered":"<p>Minga Informativa de Movimientos Sociales<br \/>\n&#8212;&#8212;&#8212;&#8212;&#8212;&#8212;&#8212;&#8212;&#8212;&#8212;&#8212;&#8212;&#8212;&#8212;&#8212;<\/p>\n<div id=\"b2\" class=\"ArwC7c ckChnd\">D\u00eda internacional de las y los migrantes:<br \/>\nPor el reconocimiento de la ciudadan\u00eda universal frente a la crisis sist\u00e9mica del capitalismo<\/p>\n<p>Alianza Social Continental<br \/>\nGrito de los Excluidos\/As<\/p>\n<p>A partir de la crisis econ\u00f3mica, pero principalmente de la ca\u00edda del sistema financiero mundial, las tasas de desempleo en los pa\u00edses desarrollados (pero tambi\u00e9n de los pa\u00edses subdesarrollados) han alcanzado niveles muy altos, afectando a miles de inmigrantes latinoamericanos y latinoamericanas. Los efectos se han manifestado con m\u00e1s contundencia en Estados Unidos, donde la p\u00e9rdida de empleos fue un tema central del debate electoral. Por su parte, la crisis ha situado a Espa\u00f1a, el mayor receptor de inmigrantes latinoamericanos-as, con el peor \u00edndice de desempleo en 12 a\u00f1os, al tener cerca de 3 millones de personas sin empleo en noviembre, y el gobierno augura que la situaci\u00f3n empeorar\u00e1 en 2009.<\/p>\n<p>En este contexto, el prop\u00f3sito de los pa\u00edses ricos frente a las y los migrantes es cada vez m\u00e1s clara: la gesti\u00f3n de los flujos migratorios para adecuarlos al mercado laboral mundial y utilizarlos de manera que les ayuden a salir de la crisis. El factor esencial que mueve el llamado proceso de globalizaci\u00f3n es la expansi\u00f3n del mercado, lo que lleva a una profundizaci\u00f3n de la mercantilizaci\u00f3n a trav\u00e9s de tres procesos interrelacionados: la transnacionalizaci\u00f3n de la producci\u00f3n, la globalizaci\u00f3n de los mercados financieros, y el surgimiento tendencial de un mercado laboral global. Y esta tendencia surge, principalmente, por la ofensiva neoliberal de desregulaci\u00f3n, liberalizaci\u00f3n y flexibilizaci\u00f3n.  Mientras que socava el poder negociador de las y los trabajadores organizados y ayuda a depreciar las demandas salariales, simult\u00e1neamente crea y\/o refuerza la demanda de diversas formas de trabajadoras-es descalificados o semicalificados, empleadas-os bajo crecientes condiciones de precariedad. La inmigraci\u00f3n indocumentada es bastante funcional desde esta perspectiva.<\/p>\n<p>Pero con la conformaci\u00f3n tendencial de un mercado laboral global y la creciente movilidad laboral que ello implica, se ha vuelto imperativo un r\u00e9gimen efectivo de regulaci\u00f3n para la migraci\u00f3n internacional. Los gobiernos de los pa\u00edses ricos han venido intentando establecer diversos mecanismos en la tendencia a la regionalizaci\u00f3n del control de la migraci\u00f3n, por v\u00edas de consenso, pero tambi\u00e9n por v\u00edas coercitivas.  Y es que, debido a que la migraci\u00f3n laboral internacional es s\u00f3lo una manera en la cual el capital global puede acceder al mercado laboral global emergente, el r\u00e9gimen global emergente para el trabajo implica el disciplinamiento del trabajo y la liberaci\u00f3n selectiva de la movilidad del trabajo.<\/p>\n<p>Entre estos mecanismos, encontramos la intensificaci\u00f3n del control fronterizo y de flujos migratorios entre Estados Unidos, M\u00e9xico y Canad\u00e1, tras la firma de la Alianza para la Seguridad y Prosperidad de Am\u00e9rica del Norte (ASPAN), as\u00ed como los operativos de \u201cCero Tolerancia\u201d (Streamline Operative), a lo largo de la frontera entre Estados Unidos y M\u00e9xico. Estas operaciones tienen como objetivo someter a los migrantes indocumentados a un juzgado federal para ser procesados por el \u201cdelito federal\u201d de \u201cingresar ilegalmente\u201d a ese pa\u00eds. Multas de 50 a 250 d\u00f3lares y penas de hasta 6 meses en c\u00e1rceles lejanas cuando se trate de la primera vez y mayores en reincidentes. No hay oportunidad alguna de obtener libertad condicional o de ser solamente deportado, como anteriormente se hac\u00eda.<\/p>\n<p>Por otro lado, despu\u00e9s de varios intentos por establecer un mecanismo mayor para regular los flujos migratorios hacia la Uni\u00f3n Europea, el 18 de junio de 2008 fue aprobada por el Parlamento Europeo la llamada Directiva de Retorno mediante la cual se busca criminalizar a\u00fan m\u00e1s a ocho millones de inmigrantes en situaci\u00f3n irregular al pretender darle m\u00e1s poder a los Estados miembros para repatriar a los \u201csin papeles\u201d, despu\u00e9s de que \u00e9stos podr\u00edan estar detenidos por un per\u00edodo de entre 6 y hasta 18 meses. Entre los aspectos m\u00e1s pol\u00e9micos est\u00e1n la posibilidad de detenci\u00f3n de los menores no acompa\u00f1ados y la prohibici\u00f3n durante cinco a\u00f1os a los expulsados para volver a entrar en la UE.<\/p>\n<p>Lo cierto es que los gobiernos de Estados Unidos y de varias naciones de la Uni\u00f3n Europea, en particular Espa\u00f1a e Italia, est\u00e1n aprovechando la crisis econ\u00f3mica y el desempleo que \u00e9sta produce para endurecer sus pol\u00edticas de inmigraci\u00f3n con el fin de establecer mecanismos de mayor control y regulaci\u00f3n de los flujos migratorios, para adecuarlos a un mercado laboral flexible, donde los migrantes entren a laborar a los pa\u00edses que requieren de esta mano de obra y salgan cuando no se les requiere. Estos programas, aunque contienen provisiones que supuestamente garantizan algunos derechos de las y los trabajadores, en la realidad no funcionan pues dichas provisiones son frecuentemente violadas. Y a\u00fan no existen otras provisiones que garanticen el derecho de organizaci\u00f3n de los trabajadores.<\/p>\n<p>La criminalizaci\u00f3n de las y los trabajadores migrantes mediante leyes o normativas est\u00e1 creando una mayor vulnerabilidad de aquellas-os en situaci\u00f3n irregular ,las y los cuales, adem\u00e1s de tener que aceptar trabajos pesados, sucios, peligrosos y con bajos salarios; tienen que soportar la discriminaci\u00f3n, el hostigamiento y el rechazo de diversos sectores sociales de los pa\u00edses de recepci\u00f3n. Frente a esta situaci\u00f3n, los propios migrantes han venido organiz\u00e1ndose y moviliz\u00e1ndose en contra de su criminalizaci\u00f3n y en defensa de sus derechos plenos. Las grandes marchas que llenaron las calles de decenas de ciudades estadounidenses con cinco millones de inmigrantes entre marzo y el 1 de mayo de 2006 han sido las manifestaciones m\u00e1s grandes de la historia social y laboral de Estados Unidos.<\/p>\n<p>Frente a esta situaci\u00f3n, la Alianza Social Continental, el Grito de los Excluidos y otras organizaciones levantan la bandera de la Ciudadan\u00eda Universal y de una integraci\u00f3n de los pueblos asentada sobre nuevos principios de solidaridad, respeto a la dignidad humana y responsabilidad con la naturaleza, entre otros.<\/p>\n<p>Definimos la Ciudadan\u00eda Universal que reconoce a todo ser humano (y grupo de humanos) en funci\u00f3n de su humanidad misma y no de su origen nacional, el ser titular\/es de derechos econ\u00f3micos, sociales, pol\u00edticos y culturales, con respeto a la diversidad, ah\u00ed donde est\u00e9n. La Ciudadan\u00eda Universal comprende:<\/p>\n<p>Acceso y pleno disfrute de los derechos humanos y pol\u00edticos consagrados por los derechos internacionales y nacionales sobre estas materias, incluso el derecho al voto. Es imprescindible que todos los gobiernos firmen, ratifiquen y pongan en pr\u00e1ctica la Convenci\u00f3n Internacional de la ONU sobre los Derechos de los Trabajadores Inmigrantes y de sus Familias.<\/p>\n<p>No criminalizaci\u00f3n de las personas migrantes por la situaci\u00f3n administrativa en la que se encuentren, pues no hay ser humano ilegal.<\/p>\n<p>Libre circulaci\u00f3n de las personas migrantes en nuestra regi\u00f3n, as\u00ed como en Estados Unidos y Europa (los principales destinos de las y los migrantes latinoamericanos).<\/p>\n<p>Regularizaci\u00f3n General, pues para poder llegar a una verdadera integraci\u00f3n de los pueblos es necesario que todas las personas tengan aseguradas las mismas condiciones de acceso a una vida digna.<\/p>\n<p>Desde esta perspectiva condenamos la \u201cDirectiva de Retorno\u201d, la \u201cTolerancia Cero\u201d y los \u201cMuros de la Verg\u00fcenza\u201d que La Uni\u00f3n Europea y Estados Unidos erigen como muros visibles e invisibles a la dignificaci\u00f3n de las personas migrantes.<\/p>\n<p>La Ciudadan\u00eda Universal es una urgencia actual en el mundo en el que se desenvuelven las migraciones en el mundo entero, pues la dignificaci\u00f3n de las personas no puede esperar m\u00e1s y debemos seguir la lucha por la misma con m\u00e1s compromiso, cuando los gobiernos de las grandes potencias y de muchos otros pa\u00edses imponen legislaciones punitivas, persecutorias y racistas en  contra de las personas que salen de sus pa\u00edses buscando la forma de sobrevivir, dentro de un sistema econ\u00f3mico y social que las oblig\u00f3 a dejar sus pa\u00edses y que, al llegar a otro las castiga como si las personas fuesen responsables o culpables de haber tenido que emigrar.<\/p>\n<p>Que la migraci\u00f3n sea una elecci\u00f3n libre de las personas y no una imposici\u00f3n, una opci\u00f3n forzosa.<\/p><\/div>\n","protected":false},"excerpt":{"rendered":"<p>&#8230;\u00bbEn este contexto, el prop\u00f3sito de los pa\u00edses ricos frente a las y los migrantes es cada vez m\u00e1s clara: la gesti\u00f3n de los flujos migratorios para adecuarlos al mercado laboral mundial y utilizarlos de manera que les ayuden a salir de la crisis. El factor esencial que mueve el llamado proceso de globalizaci\u00f3n es la expansi\u00f3n del mercado, lo que lleva a una profundizaci\u00f3n de la mercantilizaci\u00f3n a trav\u00e9s de tres procesos interrelacionados: la transnacionalizaci\u00f3n de la producci\u00f3n, la globalizaci\u00f3n de los mercados financieros, y el surgimiento tendencial de un mercado laboral global. Y esta tendencia surge, principalmente, por la ofensiva neoliberal de desregulaci\u00f3n, liberalizaci\u00f3n y flexibilizaci\u00f3n.  Mientras que socava el poder negociador de las y los trabajadores organizados y ayuda a depreciar las demandas salariales, simult\u00e1neamente crea y\/o refuerza la demanda de diversas formas de trabajadoras-es descalificados o semicalificados, empleadas-os bajo crecientes condiciones de precariedad. La inmigraci\u00f3n indocumentada es bastante funcional desde esta perspectiva.\u00bb&#8230;<\/p>\n","protected":false},"author":1,"featured_media":0,"comment_status":"open","ping_status":"open","sticky":false,"template":"","format":"standard","meta":{"footnotes":""},"categories":[7],"tags":[506,1155],"class_list":["post-732","post","type-post","status-publish","format-standard","hentry","category-general","tag-dia-internacional-del-migrante","tag-minga-informativa-de-movimientos-sociales"],"blocksy_meta":[],"_links":{"self":[{"href":"https:\/\/politicaysociedad.com\/index.php\/wp-json\/wp\/v2\/posts\/732","targetHints":{"allow":["GET"]}}],"collection":[{"href":"https:\/\/politicaysociedad.com\/index.php\/wp-json\/wp\/v2\/posts"}],"about":[{"href":"https:\/\/politicaysociedad.com\/index.php\/wp-json\/wp\/v2\/types\/post"}],"author":[{"embeddable":true,"href":"https:\/\/politicaysociedad.com\/index.php\/wp-json\/wp\/v2\/users\/1"}],"replies":[{"embeddable":true,"href":"https:\/\/politicaysociedad.com\/index.php\/wp-json\/wp\/v2\/comments?post=732"}],"version-history":[{"count":0,"href":"https:\/\/politicaysociedad.com\/index.php\/wp-json\/wp\/v2\/posts\/732\/revisions"}],"wp:attachment":[{"href":"https:\/\/politicaysociedad.com\/index.php\/wp-json\/wp\/v2\/media?parent=732"}],"wp:term":[{"taxonomy":"category","embeddable":true,"href":"https:\/\/politicaysociedad.com\/index.php\/wp-json\/wp\/v2\/categories?post=732"},{"taxonomy":"post_tag","embeddable":true,"href":"https:\/\/politicaysociedad.com\/index.php\/wp-json\/wp\/v2\/tags?post=732"}],"curies":[{"name":"wp","href":"https:\/\/api.w.org\/{rel}","templated":true}]}}