{"id":476,"date":"2008-11-22T20:49:00","date_gmt":"2008-11-23T01:49:00","guid":{"rendered":"http:\/\/unidadsiporelcambio.wordpress.com\/?p=476"},"modified":"2008-11-22T20:49:00","modified_gmt":"2008-11-23T01:49:00","slug":"elecuatorianocom-gobierno-del-presidente-correa-retrocede-frente-a-la-unidad-de-los-migrantes","status":"publish","type":"post","link":"https:\/\/politicaysociedad.com\/index.php\/2008\/11\/22\/elecuatorianocom-gobierno-del-presidente-correa-retrocede-frente-a-la-unidad-de-los-migrantes\/","title":{"rendered":"elecuatoriano.com: GOBIERNO DEL PRESIDENTE CORREA, RETROCEDE FRENTE A LA UNIDAD DE LOS MIGRANTES."},"content":{"rendered":"<p align=\"justify\">\n<p align=\"justify\"><span style=\"font-weight:700;font-family:Verdana;\"><span style=\"font-size:x-small;\">Con profunda alegr\u00eda, comunicamos a los ecuatorianas y ecuatorianos de todo el mundo que esta tarde el gobierno del Presidente Correa ha retrocedido, frente a la fuerza de la raz\u00f3n, de los m\u00e1s de tres millones y medio de compatriotas, que residimos en el exterior, quienes nos hemos movilizado ante a la pretensi\u00f3n de aumentar el costo del pasaporte ecuatoriano, de 77 a 99 euros, o sea el 28,57 %. Entre otras \u201cmaravillas\u201d del gobierno correista.<\/span><\/span><\/p>\n<p style=\"text-align:justify;\"><span style=\"font-weight:700;font-family:Verdana;\"><span style=\"font-size:x-small;\">Siendo este un triunfo importante, no debemos olvidar que tambi\u00e9n han retrocedido en su af\u00e1n de premiar a los autodenominados \u201clegisladores\u201d, de la vieja y nueva partidocracia, con una mensualidad de m\u00e1s de USD 4800, m\u00e1s prebendas. Situaci\u00f3n tambi\u00e9n denunciada, por nosotros. <\/span><\/span><\/p>\n<p style=\"text-align:justify;\"><span style=\"font-weight:700;font-family:Verdana;\"><span style=\"font-size:x-small;\">Los autoproclamados \u201crevolucionarios ciudadanos\u201d, no contaban con que se topar\u00edan con la respuesta popular, de quienes estamos convencidos que solo la participaci\u00f3n  sigue siendo la \u00fanica garant\u00eda para defender nuestros derechos, frente a los discurseros de ocasi\u00f3n. Para denunciar a estos dizque \u201cpatriotas\u201d, que con solo haber renovado los contratos a: Petrobras, REPSOL YPF, PORTA y MOVISTAR, permiten que nuestro pa\u00eds pierda la peque\u00f1\u00edsima cantidad de 3.050 MILLONES DE D\u00d3LARES ANUALES.<\/span><\/span><\/p>\n<p style=\"text-align:justify;\"><span style=\"font-weight:700;font-family:Verdana;\"><span style=\"font-size:x-small;\">Compatriotas, este hito importante nos muestra que el camino es la unidad, la participaci\u00f3n y la absoluta independencia respecto de los gobiernos de turno. Dado que, las causas de los migrantes ecuatorianos, est\u00e1n sobre las limitaciones hist\u00f3ricas de quienes son incapaces de entender nuestro fundamental papel en el desarrollo del Ecuador de Hoy. <\/span><\/span><\/p>\n<p align=\"justify\"><span style=\"font-weight:700;font-family:Verdana;\"><span style=\"font-size:x-small;\">Un triunfo importante, s\u00ed, pero el mismo no nos har\u00e1 que bajemos los brazos, dado que aun se mantiene la SUSPENSI\u00d3N DE NUESTRO BLOG, producto de la ma\u00f1osa utilizaci\u00f3n del poder, en su vano intento de acallar la voz de quienes seguiremos denunciando a quienes pretenden hacerse pasar de patriotas. Denunciamos al mundo que nuestro blog est\u00e1 suspendido desde el mismo d\u00eda en que publicamos las \u201cobras escogidas\u201d del gobierno de la \u201crevoluci\u00f3n ciudadana\u201d<\/span><\/span><\/p>\n<p align=\"justify\">\n<p align=\"justify\"><span style=\"font-weight:700;font-family:Verdana;\"><span style=\"font-size:x-small;\"><br \/>\n<\/span><\/span><\/p>\n","protected":false},"excerpt":{"rendered":"<p>Con profunda alegr\u00eda, comunicamos a los ecuatorianas y ecuatorianos de todo el mundo que esta tarde el gobierno del Presidente Correa ha retrocedido, frente a la fuerza de la raz\u00f3n, de los m\u00e1s de tres millones y medio de compatriotas, que residimos en el exterior, quienes nos hemos movilizado ante a la pretensi\u00f3n de aumentar [&hellip;]<\/p>\n","protected":false},"author":1,"featured_media":0,"comment_status":"open","ping_status":"open","sticky":false,"template":"","format":"standard","meta":{"footnotes":""},"categories":[7],"tags":[90,556,886],"class_list":["post-476","post","type-post","status-publish","format-standard","hentry","category-general","tag-alza-pasaportes","tag-ecuador","tag-inmigrantes"],"blocksy_meta":[],"_links":{"self":[{"href":"https:\/\/politicaysociedad.com\/index.php\/wp-json\/wp\/v2\/posts\/476","targetHints":{"allow":["GET"]}}],"collection":[{"href":"https:\/\/politicaysociedad.com\/index.php\/wp-json\/wp\/v2\/posts"}],"about":[{"href":"https:\/\/politicaysociedad.com\/index.php\/wp-json\/wp\/v2\/types\/post"}],"author":[{"embeddable":true,"href":"https:\/\/politicaysociedad.com\/index.php\/wp-json\/wp\/v2\/users\/1"}],"replies":[{"embeddable":true,"href":"https:\/\/politicaysociedad.com\/index.php\/wp-json\/wp\/v2\/comments?post=476"}],"version-history":[{"count":0,"href":"https:\/\/politicaysociedad.com\/index.php\/wp-json\/wp\/v2\/posts\/476\/revisions"}],"wp:attachment":[{"href":"https:\/\/politicaysociedad.com\/index.php\/wp-json\/wp\/v2\/media?parent=476"}],"wp:term":[{"taxonomy":"category","embeddable":true,"href":"https:\/\/politicaysociedad.com\/index.php\/wp-json\/wp\/v2\/categories?post=476"},{"taxonomy":"post_tag","embeddable":true,"href":"https:\/\/politicaysociedad.com\/index.php\/wp-json\/wp\/v2\/tags?post=476"}],"curies":[{"name":"wp","href":"https:\/\/api.w.org\/{rel}","templated":true}]}}