{"id":3794,"date":"2025-05-05T22:01:06","date_gmt":"2025-05-06T03:01:06","guid":{"rendered":"https:\/\/politicaysociedad.com\/?p=3794"},"modified":"2025-05-06T21:55:36","modified_gmt":"2025-05-07T02:55:36","slug":"entierro-a-la-ecuatoriana","status":"publish","type":"post","link":"https:\/\/politicaysociedad.com\/index.php\/2025\/05\/05\/entierro-a-la-ecuatoriana\/","title":{"rendered":"ENTIERRO A LA ECUATORIANA"},"content":{"rendered":"<p>Toda la familia en Guayaquil se qued\u00f3 sorprendida cuando lleg\u00f3 de Miami un ata\u00fad con el cad\u00e1ver de una t\u00eda muy querida. El cuerpo de la difunta estaba todo apretado en el caj\u00f3n con la cara aplastada contra el cristal de la tapa. Al abrir el caj\u00f3n, la familia encontr\u00f3 una carta prendida a la ropa con una aguja, que dec\u00eda:<\/p>\n<p>\u00abQueridos pap\u00e1 y mam\u00e1:<br \/>\nEstoy enviando el cuerpo de T\u00eda Jimena, para que hagan el entierro en Guayaquil, tal como ella quer\u00eda; disculpen por no poder acompa\u00f1arla, pero los gastos fueron muchos, as\u00ed que, aprovechando las circunstancias, les estoy enviando algunas cosas. Debajo de t\u00eda, en el fondo del ata\u00fad, encontrar\u00e1n:<br \/>\n-12 latas de at\u00fan \u00abBumble Bee\u00bb,<br \/>\n-12 botellas de acondicionador<br \/>\n-12 frascos de champ\u00fa Pantene anticaspa,<br \/>\n-12 frascos de Vaseline Intensive Care (bueno para la piel, NO SIRVE PARA<br \/>\nCOCINAR)<br \/>\n-12 tubos de crema dental Colgate, de la mejor,<br \/>\n-12 cepillos de dientes,<br \/>\n-12 latas de frijoles Span (espa\u00f1olas, de las mejores);<br \/>\n-4 latas de chorizo (del bueno que hacen ac\u00e1).<\/p>\n<p>Dividan con la familia, (\u00a1\u00a1\u00a1sin peleas!!!). En los pies la t\u00eda Jimena trae puestos un par zapatillas de tenis Nike nuevos talla 9, son para Juan (pues con el cad\u00e1ver del t\u00edo Esteban no le pudimos mandar nada y se qued\u00f3 enojado). Debajo del sombrero que trae puesto la t\u00eda hay 4 pares de medias nuevas para los hijos de Antonio, son de colores diferentes. De nuevo, por favor, \u00a1sin peleas!. T\u00eda Jimena est\u00e1 vestida con 15 camisas Armani. Pap\u00e1 qu\u00e9date con 3 y regala las otras a mis hermanos. El reloj Longines que pap\u00e1 me pidi\u00f3, lo lleva puesto en la mu\u00f1eca izquierda. Tambi\u00e9n lleva los aretes, pulseras y anillos que Mam\u00e1 quer\u00eda y me pidi\u00f3. La cadena en el cuello es para mi prima Carlota; los 8 pares de medias nylon Channel son para repartir con mis amigas y las vecinas, o si quieren pueden venderlas (por favor no las vendan baratas, que son de las buenas). Los anteojos bifocales son para Alfredito, son del mismo grado que me dijeron que necesitaba. Los aparatos para la sordera que tiene en las orejas son para la t\u00eda Carola; desgraciadamente no son exactamente los que necesita porque son de segunda mano, los nuevos son car\u00edsimos. El color de ojos del cad\u00e1ver de la t\u00eda no es de verdad, son lentes de contacto: Quitenselos que son de Marcela, se los deb\u00eda desde sus 15 a\u00f1os. En los dedos de los pies de la t\u00eda van los anillos de oro para el matrimonio de Josefina, para que est\u00e9 hermosa ese d\u00eda. Espero que nadie se queje esta vez. No le cuenten a nadie nada de esto y s\u00e1quenlo r\u00e1pido, antes de comenzar a velar el cad\u00e1ver.<\/p>\n<p>Con mucho amor desde Miami,<\/p>\n<p>Mar\u00eda Dolores<\/p>\n<p>P.D.: Por favor consigan ropa vieja para vestir a t\u00eda Jimena para el entierro y manden decir una misa para el descanso de su alma, ya que ella les ayuda hasta despu\u00e9s de muerta.Como ver\u00e1n el ata\u00fad es de muy buena madera; no agarra termitas, as\u00ed que pueden comprarle un ata\u00fad de los baratos, pues a ella le gustaban las cosas sencillas, y venden este que en la parte de abajo dice MADE IN USA.<br \/>\nNo dejen que con toda la alegr\u00eda por recibir estos regalos se les olvide vestir a t\u00eda para el entierro. Con la muerte de T\u00eda Jimena, la t\u00eda Blanca se quedo muy triste y enferma, as\u00ed que sospecho que pronto les estar\u00e9 mandando m\u00e1s cositas&#8230;\u00bb<\/p>\n<p>&nbsp;<\/p>\n<p>Autor: <strong>Amira Acosta<\/strong><\/p>\n<p><a href=\"http:\/\/politicaysociedad.com\/wp-content\/uploads\/2025\/05\/3D-cartoon-latin-poor-people-carrying-on-a-coffin-in-a-poor-village-but-they-are-smiling-illust-2.jpeg\"><img loading=\"lazy\" decoding=\"async\" class=\"size-full wp-image-3803 aligncenter\" src=\"http:\/\/politicaysociedad.com\/wp-content\/uploads\/2025\/05\/3D-cartoon-latin-poor-people-carrying-on-a-coffin-in-a-poor-village-but-they-are-smiling-illust-2.jpeg\" alt=\"\" width=\"512\" height=\"512\" srcset=\"https:\/\/politicaysociedad.com\/wp-content\/uploads\/2025\/05\/3D-cartoon-latin-poor-people-carrying-on-a-coffin-in-a-poor-village-but-they-are-smiling-illust-2.jpeg 1024w, https:\/\/politicaysociedad.com\/wp-content\/uploads\/2025\/05\/3D-cartoon-latin-poor-people-carrying-on-a-coffin-in-a-poor-village-but-they-are-smiling-illust-2-300x300.jpeg 300w, https:\/\/politicaysociedad.com\/wp-content\/uploads\/2025\/05\/3D-cartoon-latin-poor-people-carrying-on-a-coffin-in-a-poor-village-but-they-are-smiling-illust-2-150x150.jpeg 150w, https:\/\/politicaysociedad.com\/wp-content\/uploads\/2025\/05\/3D-cartoon-latin-poor-people-carrying-on-a-coffin-in-a-poor-village-but-they-are-smiling-illust-2-768x768.jpeg 768w\" sizes=\"auto, (max-width: 512px) 100vw, 512px\" \/><\/a><\/p>\n<p>&nbsp;<\/p>\n","protected":false},"excerpt":{"rendered":"<p>Toda la familia en Guayaquil se qued\u00f3 sorprendida cuando lleg\u00f3 de Miami un ata\u00fad con el cad\u00e1ver de una t\u00eda muy querida. El cuerpo de la difunta estaba todo apretado en el caj\u00f3n con la cara aplastada contra el cristal de la tapa. Al abrir el caj\u00f3n, la familia encontr\u00f3 una carta prendida a la [&hellip;]<\/p>\n","protected":false},"author":21,"featured_media":0,"comment_status":"open","ping_status":"open","sticky":false,"template":"","format":"standard","meta":{"footnotes":""},"categories":[10,11,19],"tags":[160,1461],"class_list":["post-3794","post","type-post","status-publish","format-standard","hentry","category-latin-american-literature","category-literatura","category-relato-literatura","tag-autores-ecuatorianos","tag-relatos-de-ecuatorianos"],"blocksy_meta":[],"_links":{"self":[{"href":"https:\/\/politicaysociedad.com\/index.php\/wp-json\/wp\/v2\/posts\/3794","targetHints":{"allow":["GET"]}}],"collection":[{"href":"https:\/\/politicaysociedad.com\/index.php\/wp-json\/wp\/v2\/posts"}],"about":[{"href":"https:\/\/politicaysociedad.com\/index.php\/wp-json\/wp\/v2\/types\/post"}],"author":[{"embeddable":true,"href":"https:\/\/politicaysociedad.com\/index.php\/wp-json\/wp\/v2\/users\/21"}],"replies":[{"embeddable":true,"href":"https:\/\/politicaysociedad.com\/index.php\/wp-json\/wp\/v2\/comments?post=3794"}],"version-history":[{"count":6,"href":"https:\/\/politicaysociedad.com\/index.php\/wp-json\/wp\/v2\/posts\/3794\/revisions"}],"predecessor-version":[{"id":3804,"href":"https:\/\/politicaysociedad.com\/index.php\/wp-json\/wp\/v2\/posts\/3794\/revisions\/3804"}],"wp:attachment":[{"href":"https:\/\/politicaysociedad.com\/index.php\/wp-json\/wp\/v2\/media?parent=3794"}],"wp:term":[{"taxonomy":"category","embeddable":true,"href":"https:\/\/politicaysociedad.com\/index.php\/wp-json\/wp\/v2\/categories?post=3794"},{"taxonomy":"post_tag","embeddable":true,"href":"https:\/\/politicaysociedad.com\/index.php\/wp-json\/wp\/v2\/tags?post=3794"}],"curies":[{"name":"wp","href":"https:\/\/api.w.org\/{rel}","templated":true}]}}