{"id":3544,"date":"2015-01-12T19:00:28","date_gmt":"2015-01-13T00:00:28","guid":{"rendered":"http:\/\/politicaysociedad.fbut.net\/?p=3544"},"modified":"2015-04-30T18:21:37","modified_gmt":"2015-04-30T18:21:37","slug":"sobre-charlie-hebdo-es-decir-otro-golpe-de-la-cia-y-otras-hierbas-religiosas","status":"publish","type":"post","link":"https:\/\/politicaysociedad.com\/index.php\/2015\/01\/12\/sobre-charlie-hebdo-es-decir-otro-golpe-de-la-cia-y-otras-hierbas-religiosas\/","title":{"rendered":"Sobre Charlie Hebdo (es decir otro golpe de la CIA), y otras hierbas religiosas&#8230;"},"content":{"rendered":"<p><a href=\"http:\/\/politicaysociedad.com\/wp-content\/uploads\/2015\/01\/coran11.png\"><img loading=\"lazy\" decoding=\"async\" class=\"alignnone wp-image-3545 size-medium\" src=\"http:\/\/politicaysociedad.com\/wp-content\/uploads\/2015\/01\/coran1-236x300.png\" alt=\"charlie hebdo, CIA strike, otro golpe de la cia, muhammad comic, caricatura mahoma\" width=\"236\" height=\"300\" srcset=\"https:\/\/politicaysociedad.com\/wp-content\/uploads\/2015\/01\/coran1-236x300.png 236w, https:\/\/politicaysociedad.com\/wp-content\/uploads\/2015\/01\/coran1.png 720w\" sizes=\"auto, (max-width: 236px) 100vw, 236px\" \/><\/a><\/p>\n<p>S\u00e1tira de Charlie Hebdo, traducida al castellano, (y literalmente al cristiano), para que en Occidente sintamos lo que sintieron en Medio Oriente cuando vieron esta \u00abcaricatura sat\u00edrica\u00bb. \u00bfQu\u00e9 siente usted, estimado lector?<\/p>\n<p><a href=\"http:\/\/politicaysociedad.com\/wp-content\/uploads\/2015\/01\/mahomet-3_00111.jpg\"><img loading=\"lazy\" decoding=\"async\" class=\"alignnone wp-image-3547 size-medium\" src=\"http:\/\/politicaysociedad.com\/wp-content\/uploads\/2015\/01\/mahomet-3_0011-237x300.jpg\" alt=\"charlie hebdo, cia, caricatura mahoma, muhammad comic\" width=\"237\" height=\"300\" srcset=\"https:\/\/politicaysociedad.com\/wp-content\/uploads\/2015\/01\/mahomet-3_0011-237x300.jpg 237w, https:\/\/politicaysociedad.com\/wp-content\/uploads\/2015\/01\/mahomet-3_0011.jpg 600w\" sizes=\"auto, (max-width: 237px) 100vw, 237px\" \/><\/a><\/p>\n<p>&nbsp;<\/p>\n<p><a href=\"http:\/\/politicaysociedad.com\/wp-content\/uploads\/2015\/01\/prohiben-en-francia11.png\"><img loading=\"lazy\" decoding=\"async\" class=\"alignnone wp-image-3550 size-medium\" src=\"http:\/\/politicaysociedad.com\/wp-content\/uploads\/2015\/01\/prohiben-en-francia1-300x171.png\" alt=\"charlie hebdo, caricatura mahoma, mahometanos se quejan caricaturas\" width=\"300\" height=\"171\" srcset=\"https:\/\/politicaysociedad.com\/wp-content\/uploads\/2015\/01\/prohiben-en-francia1-300x171.png 300w, https:\/\/politicaysociedad.com\/wp-content\/uploads\/2015\/01\/prohiben-en-francia1.png 350w\" sizes=\"auto, (max-width: 300px) 100vw, 300px\" \/><\/a><\/p>\n<p>&nbsp;<\/p>\n<p>Por Luis Alberto Mendieta<\/p>\n<p>\u00bfEs esto una \u00abs\u00e1tira\u00bb, como nos quieren hacer creer? \u00bfC\u00f3mo lo tomar\u00edamos cat\u00f3licos o no cat\u00f3licos, los occidentales? \u00bfAhora la f\u00e9 religiosa es cuesti\u00f3n de burla? \u00bfSE ACAB\u00d3 EL RESPETO POR EL CREDO RELIGIOSO? Recordemos que la libertad de f\u00e9 est\u00e1 consagrada en casi todas las constituciones del mundo.<\/p>\n<p>Por otro lado: \u00bfQui\u00e9n est\u00e1 detr\u00e1s de los asesinatos de Par\u00eds? Algo huele a manual de la CIA por all\u00ed.<\/p>\n<p>Pregunto: \u00bfPara d\u00f3nde van EEUU y la UE? \u00bfEst\u00e1n organizando la 3ra. Guerra mundial? \u00bfEst\u00e1n creando fan\u00e1ticos entre el pueblo llano para luego tener (como siempre) soldados, carne de ca\u00f1\u00f3n incondicional, basados en el odio racial?<\/p>\n<p>Con el ejemplo del F\u00fchrer, al parecer los poderosos preparan terreno para la Gran Guerra, quiz\u00e1 la \u00faltima&#8230;<\/p>\n<p><a href=\"http:\/\/politicaysociedad.com\/wp-content\/uploads\/2015\/01\/nuke-explosion-wallpaper-911.jpg\"><img loading=\"lazy\" decoding=\"async\" class=\"alignnone wp-image-3546 size-medium\" src=\"http:\/\/politicaysociedad.com\/wp-content\/uploads\/2015\/01\/nuke-explosion-wallpaper-91-300x225.jpg\" alt=\"fin del mundo, tercera guerra mundial\" width=\"300\" height=\"225\" srcset=\"https:\/\/politicaysociedad.com\/wp-content\/uploads\/2015\/01\/nuke-explosion-wallpaper-91-300x225.jpg 300w, https:\/\/politicaysociedad.com\/wp-content\/uploads\/2015\/01\/nuke-explosion-wallpaper-91.jpg 1024w\" sizes=\"auto, (max-width: 300px) 100vw, 300px\" \/><\/a><\/p>\n<p>&nbsp;<\/p>\n<ul>\n<li><span style=\"line-height: 1.5em;\">Comparto adem\u00e1s un enlace sobre un an\u00e1lisis de Thierry Meyssan sobre la farsa del ataque de los supuestos yihadistas al peri\u00f3dico de cr\u00f3nica roja Charlie Hebdo:<\/span><\/li>\n<\/ul>\n<p><a href=\"http:\/\/www.voltairenet.org\/article186413.html\" target=\"_blank\">http:\/\/www.voltairenet.org\/article186413.html<\/a><\/p>\n<ul>\n<li>Adjunto finalmente el testimonio de Alberto Rabilotta, periodista argentico-canadiense, que aporta un detalle muy importante sobre planes realizados en 1976 por la OTAN:<\/li>\n<\/ul>\n<div><strong>\u00bfDesde cu\u00e1ndo Estados Unidos y la OTAN patrocinan el terrorismo?<\/strong>Alberto RabilottaALAI AMLATINA, 14\/01\/2015.-\u00a0 Sembrar la divisi\u00f3n y el odio, las disputas religiosas, ling\u00fc\u00edsticas, culturales\u00a0 y nacionales, y el racismo en todas sus variantes (1), es una muy vieja y efectiva receta para dominar y explotar a los pueblos. Es la forma de arruinarlos, debilitarlos y dividirlos para avasallarlos, esclavizarlos o borrarlos del mapa en beneficio de los intereses de los colonizadores e imperialistas.Esa pol\u00edtica fue aplicada durante la Guerra Fr\u00eda contra la Uni\u00f3n Sovi\u00e9tica (URSS), China y dem\u00e1s pa\u00edses socialistas, y no desapareci\u00f3 con el derrumbe de la URSS y del campo socialista europeo.En realidad la guerra ideol\u00f3gica y las pr\u00e1cticas subversivas de los tiempos de la Guerra Fr\u00eda fueron adaptadas hace m\u00e1s de cuatro d\u00e9cadas a los objetivos hegem\u00f3nicos que el imperialismo de Estados Unidos (EE.UU.) y sus aliados de la OTAN estaban incubando, al capitalismo que hoy d\u00eda llamamos neoliberalismo, y desde entonces afectan a todos los pa\u00edses y regiones del mundo que rechazan la hegemon\u00eda imperial.Es en ese contexto que debemos situar el terrorismo, sea por fanatismo religioso o la ideolog\u00eda neonazi, y comprobar que ha servido y sirve objetivamente a generar la destrucci\u00f3n y el caos que el imperio necesita para su expansi\u00f3n, y esto es as\u00ed cuando asesina a inocentes en Irak, Siria, Libia, Paquist\u00e1n o Yemen, o cuando se vuelve contra sus patrocinados pol\u00edticos en EE.UU., en Londres o Paris.<\/p>\n<p>Siempre el terrorismo servir\u00e1 a los objetivos pol\u00edticos del imperio, porque el simplismo de la explicaci\u00f3n, la exagerada mediatizaci\u00f3n y la repercusi\u00f3n global de esos actos abominables en los pa\u00edses occidentales, como los recientes atentados en Francia, terminan casi siempre justificando pol\u00edticas y sociales antidemocr\u00e1ticas y represivas, como se vio en EE.UU. con la \u201cLey Patriota\u201d (Patriot Act), cuya sustancia probablemente ser\u00e1 incorporada en los proyectos que ya est\u00e1n siendo contemplados en la Uni\u00f3n Europea.<\/p>\n<p>Cuando digo esto no estoy asumiendo una teor\u00eda conspirativa, sino resumiendo una de mis primeras experiencias period\u00edsticas importantes a comienzos de los a\u00f1os 70, y de la cual solo escrib\u00ed una vez, pero que desde entonces ha sido una importante gu\u00eda para mi entendimiento y an\u00e1lisis de la propaganda y los objetivos pol\u00edticos del imperialismo.<\/p>\n<p>Y lo har\u00e9 apoy\u00e1ndome en la memoria, porque los archivos de papel me abandonaron hace tiempo y no tengo los medios para ir a las hemerotecas de los diarios Pravda en Mosc\u00fa o Granma en La Habana, en los cuales fue publicado \u00edntegramente el despacho original.<\/p>\n<p>Una discreta reuni\u00f3n en Montreal del aparato de propaganda de la OTAN<\/p>\n<p>En 1972, cuando comenzaba a colaborar con Prensa Latina y escrib\u00eda algunas notas para medios mexicanos \u2013El D\u00eda y Exc\u00e9lsior-, un colega canadiense me hizo saber que una muy discreta reuni\u00f3n de los responsables de la pol\u00edtica de informaci\u00f3n del sistema de radios de onda corta de la OTAN (Radio Europa Libre\/Radio Libertad \u2013REL\/RL-, La Voz de las Am\u00e9ricas \u2013VOA-, etc\u00e9tera) tendr\u00eda lugar en un hotel de Montreal.<\/p>\n<p>En esa reuni\u00f3n se presentar\u00eda \u201cun nuevo plan\u201d de lucha ideol\u00f3gica contra la URSS y dem\u00e1s pa\u00edses socialistas, pero ahora es posible afirmar que lo dicho y planeado en esa reuni\u00f3n ampli\u00f3 a escala global y a todos los terrenos posibles la lucha ideol\u00f3gica caracter\u00edstica de la confrontaci\u00f3n bipolar de la Guerra Fr\u00eda.<\/p>\n<p>Fui al lugar de la reuni\u00f3n sin mucha confianza de que me acreditar\u00edan como periodista, pero despu\u00e9s de una negativa, y para mi gran sorpresa, me aceptaron porque ten\u00eda una credencial de \u201ccorresponsal\u201d del diario mexicano Exc\u00e9lsior.<\/p>\n<p>La tal reuni\u00f3n fue en realidad una larga sucesi\u00f3n de presentaciones de los responsables de la l\u00ednea informativa y editorial de esas radios, en particular de la VOA y de REL\/RL, que (usando un lenguaje actual) formularon c\u00f3mo construir la narrativa y la credibilidad de la propaganda contra la URSS y el comunismo, pero en realidad tambi\u00e9n contra todos los pa\u00edses que en esa \u00e9poca reclamaban una real independencia, un nuevo orden econ\u00f3mico mundial, el fin del racismo y la discriminaci\u00f3n racial en todas sus formas. Que asum\u00edan posiciones antiimperialistas y eran vistos como aliados de la URSS, en pocas palabras.<\/p>\n<p>\u00bfC\u00f3mo utilizar las religiones y los nacionalismos como armas?<\/p>\n<p>La nueva ofensiva ideol\u00f3gica del imperio, y el contenido de su propaganda, seg\u00fan los ide\u00f3logos del aparato propagand\u00edstico de la OTAN en esa reuni\u00f3n de Montreal, deb\u00eda alcanzar y echar ra\u00edces en los sectores de la poblaci\u00f3n a la cual iba a ser dirigida: los musulmanes y los nacionalistas radicales en ciertas regiones de la URSS y otros pa\u00edses socialistas; los sionistas jud\u00edos (los ref\u00fasenik) rusos que quer\u00edan emigrar a Israel y los cat\u00f3licos conservadores en los pa\u00edses b\u00e1lticos, en Polonia y otros m\u00e1s.<\/p>\n<p>Lo que en realidad se buscaba en esas sociedades socialistas secularizadas era alimentar \u2013para luego financiar y organizar- el \u201crenacimiento\u201d de las creencias y pr\u00e1cticas religiosas radicales que entrasen en franca contradicci\u00f3n con la sociedad y el poder pol\u00edtico, y crear reivindicaciones o contradicciones en las sociedades y regiones con nacionalismos susceptibles de separatismo, lo que presupon\u00eda crear situaciones de confrontaci\u00f3n civil, policial y hasta militar.<\/p>\n<p>\u201cChoque de civilizaciones\u201d y neoliberalismo<\/p>\n<p>La semilla del \u201cchoque de civilizaciones\u201d\u00a0 (2) plantada por esa propaganda de la OTAN y adoptada sin reservas por los cada vez m\u00e1s concentrados medios de prensa de los pa\u00edses capitalistas, justific\u00f3 la creaci\u00f3n de Al-Qaeda para luchar contra los sovi\u00e9ticos y afganos progresistas en Afganist\u00e1n, y con el derrumbe de la URSS y del campo socialista europeo fue usada extensamente en los Balcanes para la partici\u00f3n de la (ex ) Yugoslavia, y seguidamente para fomentar los ataques terroristas y el conflicto en Chechenia, en Daguest\u00e1n y otras regiones de la ex URSS, incluyendo recientemente el caso de Ucrania.<\/p>\n<p>Estado oficialmente ateo, la URSS era en realidad un Estado socialista multinacional y multicultural donde conviv\u00edan muchas nacionalidades y religiones, desde la ortodoxa cristiana hasta la musulmana, pasando por la jud\u00eda y la cat\u00f3lica, entre otras m\u00e1s. Esta era la fuerza aparente del internacionalismo proletario, como dec\u00edan en Mosc\u00fa, pero tambi\u00e9n su principal debilidad a los ojos de la dirigencia imperialista.<\/p>\n<p>Empero, hay que recordar que la confrontaci\u00f3n creada por las ambiciones imperialistas de EE.UU. no se resum\u00eda a la Guerra Fr\u00eda entre Mosc\u00fa y Washington, y que en el Oriente Medio y en Asia predominaban -a comienzos de los a\u00f1os 70- y como consecuencia de la descolonizaci\u00f3n y de la consolidaci\u00f3n del movimiento de los Pa\u00edses No-Alineados, Estados seculares en los cuales conviv\u00edan, bajo reg\u00edmenes pol\u00edticos diferentes, las m\u00e1s diversas culturas, nacionalidades y religiones.<\/p>\n<p>En otras palabras, se estaba en un momento de auge en la lucha para eliminar todas las formas de discriminaci\u00f3n racial, incluyendo el Apartheid sudafricano y el sionismo, lo que se concret\u00f3 en la votaci\u00f3n de la Resoluci\u00f3n 3379 de la Asamblea General de la ONU en noviembre de 1975, anulada el 16 de diciembre de 1991, ocho d\u00edas despu\u00e9s de la disoluci\u00f3n de la URSS, por la Resoluci\u00f3n 4866 de la ONU.<\/p>\n<p>Y en la coyuntura hist\u00f3rica en que los pa\u00edses No-Alineados con el apoyo del campo socialista exigieron\u00a0 la creaci\u00f3n de un \u201cNuevo Orden Econ\u00f3mico Mundial\u201d que pusiera fin a los desiguales \u201ct\u00e9rminos de intercambio\u201d y poder as\u00ed acceder al desarrollo socioecon\u00f3mico, y batallando en la UNESCO para establecer un \u201cNuevo Orden Mundial de la Informaci\u00f3n y Comunicaci\u00f3n\u201d, iniciativas que el imperialismo y sus aliados lograron derrotar.<\/p>\n<p>Pero ahora, a distancia y con documentos a la mano, podemos entender ese fue tambi\u00e9n el momento en que en EE.UU. y sus aliados en Europa y Jap\u00f3n lanzan desde los c\u00edrculos de poder la narrativa para justificar econ\u00f3mica y pol\u00edticamente el desmantelamiento del Estado benefactor (la intervenci\u00f3n de Estado en la econom\u00eda apara garantizar cierto desarrollo socioecon\u00f3mico), con el objetivo (finalmente realizado en las \u00faltimas dos d\u00e9cadas) de poner el Estado al servicio exclusivo de los capitalistas y poder retornar as\u00ed al liberalismo del siglo 19 y a las viejas pr\u00e1cticas imperialistas y colonialistas (3).<\/p>\n<p>Desde cierta perspectiva fue el momento propicio para que el imperialismo y sus aliados de la OTAN ampliaran el contexto y la cobertura geogr\u00e1fica de la Guerra Fr\u00eda, asegurando la continuidad en el paso de la confrontaci\u00f3n entre un sistema capitalista-imperialista y un sistema socialista, a la preparaci\u00f3n de la expansi\u00f3n imperialista del sistema neoliberal que ya estaba siendo \u201ccocinado\u201d.<\/p>\n<p>No es pura coincidencia que haya sido en 1973 que David Rockefeller, con la asistencia de Zbigniew Brzezinsky, asesor de pol\u00edtica exterior del presidente Dem\u00f3crata James Carter, crea la Comisi\u00f3n Trilateral (4), que sirvi\u00f3 para vehicular a los m\u00e1s altos niveles la nueva ofensiva ideol\u00f3gica del imperio y de la OTAN, ni tampoco que Samuel Huntington, \u201cintelectual org\u00e1nico\u201d del imperialismo y autor del infame libro \u201cChoque de civilizaciones\u201d, estuviera ya en el paisaje.<\/p>\n<p>Los documentos de la Comisi\u00f3n Trilateral, en particular \u201cThe Crisis of Democracy\u201d, de 1975, deber\u00edan ser le\u00eddos a la luz de los hechos actuales y recientes, para comprobar fuera de toda interpretaci\u00f3n conspirativa que fue entonces y bastante p\u00fablicamente que se sentaron las l\u00edneas de la ofensiva pol\u00edtica e ideol\u00f3gica del imperialismo para establecer la hegemon\u00eda en su fase neoliberal, incluyendo la liquidaci\u00f3n de la democracia liberal con alg\u00fan contenido real en las sociedades de los pa\u00edses del campo occidental, como estamos viendo.<\/p>\n<p>Todo esto tambi\u00e9n explica la continuidad, desde entonces y hasta ahora, de la ofensiva ideol\u00f3gica y de las pol\u00edticas destinadas a minar las sociedades y destruir los Estados de la URSS y del resto de los pa\u00edses socialistas, y ahora de Rusia, China y otros pa\u00edses en desarrollo o emergentes que pueden constituir la principal barrera a la hegemon\u00eda neoliberal.<\/p>\n<p>Los fan\u00e1ticos y extremistas convertidos en \u201cluchadores por la libertad\u201d<\/p>\n<p>Y si bien fue en 1979 el primer caso documentado en el cual EE.UU. y sus aliados crearon, entrenaron y convirtieron en \u201cluchadores por la libertad\u201d a los extremistas islamistas, para luchar en Afganist\u00e1n contra los sovi\u00e9ticos y los afganos progresistas, no pas\u00f3 mucho tiempos antes de que EE.UU. efectuase operaciones ilegales con narcotraficantes en Am\u00e9rica latina para armar y financiar a los \u201ccombatientes por la libertad\u201d que luchaban contra los sandinistas en Nicaragua, pol\u00edtica que llev\u00f3 a la creaci\u00f3n de los \u201ccarteles\u201d de narcotr\u00e1fico y a la expansi\u00f3n de la criminalidad, la corrupci\u00f3n y la violencia en la regi\u00f3n.<\/p>\n<p>Pol\u00edticas similares fueron seguidas desde entonces en decenas de pa\u00edses de Asia, del Oriente Medio y de \u00c1frica, muchas veces con la asistencia y financiamiento de Arabia Saudita, y el apoyo de Israel (como en el caso Ir\u00e1n-Contras), lo que confirma que el diab\u00f3lico plan de \u201cdividir para reinar\u201d, de destruir los Estados y las sociedades que defend\u00edan su soberan\u00eda nacional, fue aplicado de manera sistem\u00e1tica tanto por el aparato de propaganda de EE.UU. y la OTAN como por sus agencias de subversi\u00f3n y espionaje.<\/p>\n<p>Nada nuevo o sorprendente si recordamos que desde finales de la segunda Guerra Mundial, mediante la \u201cOperaci\u00f3n Gladio\u201d, EE.UU. y la OTAN conservaron los contactos y lazos con las fuerzas ultranacionalistas que apoyaron o participaron en los diversos reg\u00edmenes nazi-fascistas europeos, y que ahora sirven en los pa\u00edses b\u00e1lticos y en Ucrania \u2013donde controlan el aparato de seguridad del Estado-, para la pol\u00edtica de enfrentamiento con Rusia.<\/p>\n<p>Andr\u00e9 Vltchek enfatiza que \u201cpara el imperio, la existencia y popularidad de dirigentes progresistas, marxistas, musulmanes, gobernando el Oriente Medio o una Indonesia rica en recursos, era algo claramente inaceptable. \u00bfSi se acostumbraran a utilizar esos recursos naturales para mejorar las vidas de sus pueblos, que quedar\u00eda entonces para el imperio y sus empresas? Eso ten\u00eda que ser frenado por todos los medios. El islam ten\u00eda que ser dividido, infiltrado con cuadros radicales y anticomunistas, y con aquellos que no les interesa en lo m\u00e1s m\u00ednimo el bienestar de su propio pueblo\u201d (5).<\/p>\n<p>Victoria Nuland, subsecretaria de Estado de Washington, dijo p\u00fablicamente (6) que se hab\u00edan \u201cinvertido\u201d cinco mil millones de d\u00f3lares para el \u201dcambio de r\u00e9gimen\u201d en Ucrania, y sin duda fue mucho m\u00e1s costosa la partici\u00f3n del Estado multinacional de Yugoslavia. \u00bfY qu\u00e9 decir del financiamiento o apoyo de los pa\u00edses de la OTAN a los extremistas y terroristas isl\u00e1micos en Chechenia y Daguest\u00e1n, que se paseaban por Europa como \u201ccombatientes de la libertad\u201d? \u00bfO de los extremistas isl\u00e1micos recibidos por las autoridades pol\u00edticas europeas y estadounidenses, financiados y entrenados por esos gobiernos para derrocar a los gobiernos en Libia y Siria, con muchos ejemplos m\u00e1s en \u00c1frica que quedar\u00e1n en el tintero?<\/p>\n<p>\u201cAl fundamentalismo no se le vence con las armas\u201d<\/p>\n<p>En 1997 el gran intelectual Edward Said dio una charla (7) sobre el \u201cchoque de civilizaciones\u201d, cuya lectura o relectura es aconsejada, y de la cual me permito reproducir un largo p\u00e1rrafo: \u201cA la vista de la deprimente realidad que nos rodea y de la presencia de conflictos interculturales e inter\u00e9tnicos, me parece irresponsable sugerir que nosotros, en Europa y EE.UU, debamos conservar nuestra civilizaci\u00f3n, lo que Huntington llama Occidente, manteniendo al resto a distancia y aumentando las desavenencias entre los pueblos para prolongar nuestro dominio. Esto es, de hecho, lo que Huntington sostiene, y resulta bastante f\u00e1cil entender por qu\u00e9 este ensayo fue publicado por Foreign Affairs y por qu\u00e9 tantos responsables pol\u00edticos se han sentido atra\u00eddos por \u00e9l, permitiendo a EE.UU ampliar la mentalidad de la Guerra Fr\u00eda a una \u00e9poca distinta y a un nuevo p\u00fablico. Mucho m\u00e1s productiva y \u00fatil es una nueva mentalidad o conciencia global que ve los peligros que enfrentamos desde el punto de vista de la raza humana en su conjunto. Estos peligros incluyen el empobrecimiento de la mayor\u00eda de la poblaci\u00f3n del planeta, el nacimiento de virulentos sentimientos tribales, nacionalistas, \u00e9tnicos y religiosos en Bosnia, Ruanda, L\u00edbano, Chechenia y otros lugares, el descenso de la alfabetizaci\u00f3n y la aparici\u00f3n de un nuevo analfabetismo basado en los medios de comunicaci\u00f3n electr\u00f3nicos, la televisi\u00f3n y las nuevas autopistas de la informaci\u00f3n global, o la fragmentaci\u00f3n y la amenaza de desaparici\u00f3n de los grandes relatos sobre la liberaci\u00f3n y la tolerancia. Nuestro bien m\u00e1s preciado para hacer frente a esta terrible transformaci\u00f3n de la historia no es la aparici\u00f3n de un sentimiento de enfrentamiento, sino de comunidad, de comprensi\u00f3n, de solidaridad y de esperanza, lo cual representa todo lo contrario a lo que promueve Huntington\u201d.<\/p>\n<p>Y cerremos este art\u00edculo con una reciente (6) e importante reflexi\u00f3n del fil\u00f3sofo Enrique Dussel: \u201clos fundamentalismos (cristiano, como el de G. Bush; isl\u00e1mico o sionista) son un retorno de un dios (o un polite\u00edsmo como dir\u00eda M. Weber) que justifica y absolutiza una pol\u00edtica, una econom\u00eda, una cultura, una raza, un g\u00e9nero, etc\u00e9tera, y usa las armas en vez de argumentos razonables, comprensibles para el otro interlocutor (nadie como el fundamentalismo estadunidense utiliza las armas en vez de argumentos: pretende imponer la democracia con guerras en vez de argumentar desde la tradici\u00f3n del otro, por ejemplo, con los creyentes del Islam a partir del Cor\u00e1n ). Al fundamentalismo no se le vence con las armas (y no olvidar que fue la CIA la que ense\u00f1\u00f3 al fundamentalismo islamita en Afganist\u00e1n a usar las armas contra la Uni\u00f3n Sovi\u00e9tica, y ahora cosechamos las consecuencias sobre cuyo origen nadie habla), sino con argumentos razonables y con una praxis honesta (como ense\u00f1aba Bartolom\u00e9 de las Casas respecto de la conquista). Pero esto \u00faltimo no entra en el horizonte de los intereses del imperio. Se utiliza la violencia irracional islamita para justificar y aumentar la violencia irracional del neoliberalismo pol\u00edtico-econ\u00f3mico. La izquierda honesta, por el contrario, debe comenzar una cr\u00edtica de la teolog\u00eda como momento de una cr\u00edtica de la pol\u00edtica liberal y de la econom\u00eda capitalista, tal como la practic\u00f3 Karl Marx\u201d.<\/p>\n<p>Notas<\/p>\n<p>1.- El papel del racismo en la ofensiva imperialista, Alberto Rabilotta<br \/>\n<a href=\"http:\/\/alainet.org\/active\/72395&amp;lang=es\" target=\"_blank\">http:\/\/alainet.org\/active\/<wbr \/>72395&amp;lang=es<\/a><\/p>\n<p>2.- A\u00f1os m\u00e1s tarde, leyendo a Samuel Huntington (\u00bfChoque de civilizaciones?, Foreing Affairs, 1993), se me hizo claro que ese menjunje de prejuicios cargados de odios reflejaba bastante bien lo que hab\u00eda escuchado en esa reuni\u00f3n de las radios de la OTAN en Montreal, y que constitu\u00eda el trasfondo de la pol\u00edtica que desde entonces hab\u00eda estado siguiendo el imperialismo y sus aliados.<\/p>\n<p>3.- Samir Amin, \u00ab Capitalisme transnational ou Imp\u00e9rialisme collectif ?\u00bb, Pambazuka News, 22 janvier 2011; Kari Polanyi Levitt, \u00ab The Power of Ideas \u00bb,<a href=\"http:\/\/www.karipolanyilevitt.com\/wp-content\/uploads\/2014\/01\/Kari-Polanyi-Levitt-intro-IJPE-FINAL.pdf\" target=\"_blank\">http:\/\/www.karipolanyilevitt.<wbr \/>com\/wp-content\/uploads\/2014\/<wbr \/>01\/Kari-Polanyi-Levitt-intro-<wbr \/>IJPE-FINAL.pdf<\/a>\u00a0; The Powell Memo de 1971,\u00a0<a href=\"http:\/\/reclaimdemocracy.org\/powell_memo_lewis\/\" target=\"_blank\">http:\/\/reclaimdemocracy.org\/<wbr \/>powell_memo_lewis\/<\/a><\/p>\n<p>4.- The Crisis of Democracy, Michel Crozier, Samuel Huntington y Joji Watanuki.\u00a0<a href=\"http:\/\/www.trilateral.org\/download\/doc\/crisis_of_democracy.pdf\" target=\"_blank\">http:\/\/www.trilateral.org\/<wbr \/>download\/doc\/crisis_of_<wbr \/>democracy.pdf<\/a><\/p>\n<p>5.- Empire Manufactures Muslim Monsters, por Andr\u00e9 Vltchek\u00a0<a href=\"http:\/\/dissidentvoice.org\/2015\/01\/empire-manufactures-muslim-monsters\/\" target=\"_blank\">http:\/\/dissidentvoice.org\/<wbr \/>2015\/01\/empire-manufactures-<wbr \/>muslim-monsters\/<\/a>\u00a0Novelista y cineasta, Vltchek ha cubierto guerras y conflictos en docenas de pa\u00edses. Recientemente public\u00f3 un libro con Noam Chomsky: On Western Terrorism: From Hiroshima to Drone Warfare.<\/p>\n<p>6.- Victoria Nuland, 13 de diciembre de 2013:\u00a0<a href=\"http:\/\/www.informationclearinghouse.info\/article37599.htm\" target=\"_blank\">http:\/\/www.<wbr \/>informationclearinghouse.info\/<wbr \/>article37599.htm<\/a><\/p>\n<p>7.- Edward Said, El Mito del Choque de Civilizaciones, charla en la Universidad Columbia de Nueva York en 1997\u00a0<a href=\"http:\/\/www.libreria-mundoarabe.com\/Boletines\/N%BA79%20Feb.10\/MitoChoqueCivilizaciones.htm\" target=\"_blank\">http:\/\/www.libreria-<wbr \/>mundoarabe.com\/Boletines\/N%<wbr \/>BA79%20Feb.10\/<wbr \/>MitoChoqueCivilizaciones.htm<\/a><\/p>\n<p>8.- Enrique Dussel, \u201cLa cr\u00edtica de la teolog\u00eda se torna en la cr\u00edtica de la pol\u00edtica\u201d,\u00a0<a href=\"http:\/\/www.jornada.unam.mx\/2015\/01\/10\/opinion\/018a1mun\" target=\"_blank\">http:\/\/www.jornada.unam.mx\/<wbr \/>2015\/01\/10\/opinion\/018a1mun<\/a><\/p>\n<p>&#8211; Alberto Rabilotta es periodista argentino &#8211; canadiense.<\/p>\n<p>Fuente:\u00a0\u00a0http:\/\/alainet.org<\/p>\n<\/div>\n<p><span style=\"line-height: 1.5em;\">\u00a0<\/span><\/p>\n","protected":false},"excerpt":{"rendered":"<p>S\u00e1tira de Charlie Hebdo, traducida al castellano, (y literalmente al cristiano), para que en Occidente sintamos lo que sintieron en Medio Oriente cuando vieron esta \u00abcaricatura sat\u00edrica\u00bb. \u00bfQu\u00e9 siente usted, estimado lector? &nbsp; &nbsp; Por Luis Alberto Mendieta \u00bfEs esto una \u00abs\u00e1tira\u00bb, como nos quieren hacer creer? \u00bfC\u00f3mo lo tomar\u00edamos cat\u00f3licos o no cat\u00f3licos, los [&hellip;]<\/p>\n","protected":false},"author":1,"featured_media":0,"comment_status":"open","ping_status":"open","sticky":false,"template":"","format":"standard","meta":{"footnotes":""},"categories":[16,20],"tags":[307,322,1068],"class_list":["post-3544","post","type-post","status-publish","format-standard","hentry","category-politica","category-religion-y-fe","tag-charlie-hebdo","tag-cia","tag-mahoma"],"blocksy_meta":[],"_links":{"self":[{"href":"https:\/\/politicaysociedad.com\/index.php\/wp-json\/wp\/v2\/posts\/3544","targetHints":{"allow":["GET"]}}],"collection":[{"href":"https:\/\/politicaysociedad.com\/index.php\/wp-json\/wp\/v2\/posts"}],"about":[{"href":"https:\/\/politicaysociedad.com\/index.php\/wp-json\/wp\/v2\/types\/post"}],"author":[{"embeddable":true,"href":"https:\/\/politicaysociedad.com\/index.php\/wp-json\/wp\/v2\/users\/1"}],"replies":[{"embeddable":true,"href":"https:\/\/politicaysociedad.com\/index.php\/wp-json\/wp\/v2\/comments?post=3544"}],"version-history":[{"count":1,"href":"https:\/\/politicaysociedad.com\/index.php\/wp-json\/wp\/v2\/posts\/3544\/revisions"}],"predecessor-version":[{"id":3644,"href":"https:\/\/politicaysociedad.com\/index.php\/wp-json\/wp\/v2\/posts\/3544\/revisions\/3644"}],"wp:attachment":[{"href":"https:\/\/politicaysociedad.com\/index.php\/wp-json\/wp\/v2\/media?parent=3544"}],"wp:term":[{"taxonomy":"category","embeddable":true,"href":"https:\/\/politicaysociedad.com\/index.php\/wp-json\/wp\/v2\/categories?post=3544"},{"taxonomy":"post_tag","embeddable":true,"href":"https:\/\/politicaysociedad.com\/index.php\/wp-json\/wp\/v2\/tags?post=3544"}],"curies":[{"name":"wp","href":"https:\/\/api.w.org\/{rel}","templated":true}]}}