{"id":320,"date":"2008-10-30T21:53:26","date_gmt":"2008-10-30T21:53:26","guid":{"rendered":"http:\/\/unidadsiporelcambio.wordpress.com\/?p=320"},"modified":"2008-10-30T21:53:26","modified_gmt":"2008-10-30T21:53:26","slug":"kintto-lucas-la-guerra-en-casa-de-reyes-a-la-base-de-manta","status":"publish","type":"post","link":"https:\/\/politicaysociedad.com\/index.php\/2008\/10\/30\/kintto-lucas-la-guerra-en-casa-de-reyes-a-la-base-de-manta\/","title":{"rendered":"Kintto Lucas: La guerra en casa -De Reyes a la Base de Manta-"},"content":{"rendered":"<p><a href=\"http:\/\/unidadsiporelcambio.files.wordpress.com\/2008\/10\/kintto.jpg\"><img loading=\"lazy\" decoding=\"async\" class=\"alignleft size-full wp-image-321\" title=\"kintto\" src=\"http:\/\/unidadsiporelcambio.files.wordpress.com\/2008\/10\/kintto.jpg\" alt=\"\" width=\"100\" height=\"100\" \/><\/a>En el a\u00f1o 2000, el libro Plan Colombia La paz Armada, de Kintto Lucas, se\u00f1alaba que en pocos a\u00f1os el conflicto interno colombiano entrar\u00eda en una fase desconocida, en la cual se aplicar\u00edan bombardeos selectivos a campamentos guerrilleros y se involucrar\u00eda a Ecuador en lo que denomin\u00f3 un Kosovo andino.<\/p>\n<p>Cuando Lucas en una entrevista le plante\u00f3 a Ra\u00fal Reyes la hip\u00f3tesis de los bombardeos selectivos, el l\u00edder de las FARC (Fuerzas Armadas Revolucionarias de Colombia) dijo que era imposible utilizar esa tecnolog\u00eda en la selva colombiana donde se mov\u00eda la guerrilla.<\/p>\n<p>Ocho a\u00f1os despu\u00e9s, en marzo de 2008, el bombardeo de las fuerzas armadas colombiana al campamento de Reyes, confirm\u00f3 aquel anuncio.<\/p>\n<p>Si en Plan Colombia. La paz armada, Kintto Lucas dec\u00eda lo que iba a ocurrir, en La guerra en casa \u2013de Reyes a la Base de Manta- se\u00f1ala porque y c\u00f3mo ocurri\u00f3 lo que ya se hab\u00eda anunciado, proyect\u00e1ndolo hacia el futuro.<\/p>\n<p>Este libro revelador brinda informaci\u00f3n in\u00e9dita sobre la utilizaci\u00f3n de la Base de Manta por parte de Estados Unidos, devela los entretelones de las relaciones entre Ecuador y Colombia, esclarece el papel de las fuerzas armadas y la polic\u00eda ecuatorianas en el conflicto colombiano, entrega informaci\u00f3n desconocida sobre los intentos frustrados de canje humanitario entre las FARC y delegados del gobierno franc\u00e9s, aporta datos importantes sobre el bombardeo al campamento de Ra\u00fal Reyes, cuenta c\u00f3mo fue la liberaci\u00f3n de Ingrid Betancourt, y analiza el conflicto dentro de un contexto global.<\/p>\n<p>Al ser consultado sobre su nuevo libro Lucas mostr\u00f3 su preocupaci\u00f3n porque en el \u00faltimo a\u00f1o se ha dado un mayor involucramiento de Ecuador en el Plan Colombia. \u201cLa presi\u00f3n del gobierno colombiano para que Ecuador demuestre que combate a las FARC, ha llevado a un aumento de los enfrentamientos entre el ej\u00e9rcito ecuatoriano y la guerrilla. En ese sentido, hay que tener mucho cuidado porque finalmente Ecuador puede empezar a cumplir el papel de yunke que le tiene reservado el Plan sin que el propio gobierno se lo proponga\u201d.<\/p>\n<p>Sobre su libro, el escritor afirm\u00f3 que contextualiza la relaci\u00f3n de Ecuador con el conflicto colombiano y el Plan Colombia, y muestra las contradicciones de esa relaci\u00f3n y de las relaciones entre Quito y Bogota dentro de la geopol\u00edtica regional.<\/p>\n<p>Kintto Lucas es escritor y periodistas uruguayo-ecuatoriano, Premio Latinoamericano de Periodismo Jos\u00e9 Mart\u00ed 1990. Es corresponsal de la Agencia de Noticias Inter Press Service (IPS) en Quito y presidente de la Asociaci\u00f3n de Prensa Extranjera en Ecuador (APE). Fue Asesor en la Mesa de Soberan\u00eda, Relaciones Internacionales e Integraci\u00f3n Latinoamericana de la Asamblea Constituyente. En 2004 recibi\u00f3 la Pluma de la Dignidad de la Uni\u00f3n Nacional de Periodistas del Ecuador en reconocimiento a su trayectoria. Ha sido docente en la Pontificia Universidad Cat\u00f3lica, en la Universidad Andina Sim\u00f3n Bol\u00edvar y en la Universidad de las Am\u00e9ricas; adem\u00e1s de conferencista de diversas universidades y de la Comisi\u00f3n de Control C\u00edvico de la Corrupci\u00f3n. Algunos de sus libros son: Rebeliones ind\u00edgenas y negras en Am\u00e9rica Latina (Abya Yala, 1992); Mujeres del siglo XX (Abya Yala, 1997); Apuntes sobre f\u00fatbol (Abya Yala, 1998); La rebeli\u00f3n de los indios (Abya<br \/>\nYala, 2000), traducido al ingl\u00e9s con el t\u00edtulo We Will Not Dance on Our Grandparent&#8217;s Tombs. Indigenous uprisings in Ecuador (IICR, 2000); Plan Colombia. La paz armada (Planeta, 2000), El movimiento ind\u00edgena y las acrobacias del coronel (Tintaj\u00ed, 2003), Un pa\u00eds entrampado (Abya Yala-Tintaj\u00ed 2005), Con sabor a gol: F\u00fatbol y periodismo (Biblioteca del F\u00fatbol Ecuatoriano-FLACSO, 2006); Rafael Correa. Un extra\u00f1o en Carondelet (Planeta, 2007)<\/p>\n<p>______________________<\/p>\n<p>Grupo Editorial Planeta \u2013 Ecuador<br \/>\nWhimper N27-166 y Orellana.<br \/>\nQuito, Ecuador<br \/>\nTel\u00e9fonos: (593-2) 2236-523, 2507-234<\/p>\n","protected":false},"excerpt":{"rendered":"<p>En el a\u00f1o 2000, el libro Plan Colombia La paz Armada, de Kintto Lucas, se\u00f1alaba que en pocos a\u00f1os el conflicto interno colombiano entrar\u00eda en una fase desconocida, en la cual se aplicar\u00edan bombardeos selectivos a campamentos guerrilleros y se involucrar\u00eda a Ecuador en lo que denomin\u00f3 un Kosovo andino. Cuando Lucas en una entrevista [&hellip;]<\/p>\n","protected":false},"author":1,"featured_media":0,"comment_status":"open","ping_status":"open","sticky":false,"template":"","format":"standard","meta":{"footnotes":""},"categories":[7],"tags":[187,990],"class_list":["post-320","post","type-post","status-publish","format-standard","hentry","category-general","tag-base-de-manta","tag-kintto-lucas"],"blocksy_meta":[],"_links":{"self":[{"href":"https:\/\/politicaysociedad.com\/index.php\/wp-json\/wp\/v2\/posts\/320","targetHints":{"allow":["GET"]}}],"collection":[{"href":"https:\/\/politicaysociedad.com\/index.php\/wp-json\/wp\/v2\/posts"}],"about":[{"href":"https:\/\/politicaysociedad.com\/index.php\/wp-json\/wp\/v2\/types\/post"}],"author":[{"embeddable":true,"href":"https:\/\/politicaysociedad.com\/index.php\/wp-json\/wp\/v2\/users\/1"}],"replies":[{"embeddable":true,"href":"https:\/\/politicaysociedad.com\/index.php\/wp-json\/wp\/v2\/comments?post=320"}],"version-history":[{"count":0,"href":"https:\/\/politicaysociedad.com\/index.php\/wp-json\/wp\/v2\/posts\/320\/revisions"}],"wp:attachment":[{"href":"https:\/\/politicaysociedad.com\/index.php\/wp-json\/wp\/v2\/media?parent=320"}],"wp:term":[{"taxonomy":"category","embeddable":true,"href":"https:\/\/politicaysociedad.com\/index.php\/wp-json\/wp\/v2\/categories?post=320"},{"taxonomy":"post_tag","embeddable":true,"href":"https:\/\/politicaysociedad.com\/index.php\/wp-json\/wp\/v2\/tags?post=320"}],"curies":[{"name":"wp","href":"https:\/\/api.w.org\/{rel}","templated":true}]}}