{"id":3051,"date":"2011-07-18T13:45:20","date_gmt":"2011-07-18T18:45:20","guid":{"rendered":"https:\/\/politicaysociedad.com\/?p=3051"},"modified":"2011-07-18T13:45:20","modified_gmt":"2011-07-18T18:45:20","slug":"robo-del-codice-codice-calixtino-de-la-catedral-de-santiago-de-compostela","status":"publish","type":"post","link":"https:\/\/politicaysociedad.com\/index.php\/2011\/07\/18\/robo-del-codice-codice-calixtino-de-la-catedral-de-santiago-de-compostela\/","title":{"rendered":"Robo del C\u00f3dice C\u00f3dice Calixtino de la Catedral de Santiago de Compostela"},"content":{"rendered":"<p><img loading=\"lazy\" decoding=\"async\" class=\"size-full wp-image-3052\" title=\"Codex_Calixtinus_santiago_de_compostela\" src=\"http:\/\/politicaysociedad.com\/wp-content\/uploads\/2011\/07\/Codex_Calixtinus_santiago_de_compostela.jpg\" alt=\"Codex_Calixtinus_santiago_de_compostela\" width=\"170\" height=\"278\" \/><\/p>\n<p>Santiago de Compostela, Espa\u00f1a \u2013 Un extra\u00f1o robo ocurri\u00f3 en la Catedral de Santiago de Compostela, donde desapareci\u00f3 el C\u00f3dice Calixtino, que se considera como un tesoro hist\u00f3rico, por las narraciones que guardan relaci\u00f3n con las peregrinaciones del Ap\u00f3stol Santiago hasta la pen\u00ednsula Ib\u00e9rica, junto al legado patrimonial dejado en las p\u00e1ginas de los manuscritos.<\/p>\n<p>De acuerdo a la polic\u00eda, el robo fue premeditado y ning\u00fan funcionario de la catedral se percat\u00f3 de la desaparici\u00f3n del manuscrito hasta el martes en horas de la noche, dando inicio a una b\u00fasqueda por todo el templo cat\u00f3lico sin lograr \u00e9xito. El manuscrito est\u00e1 fechado cerca del siglo XII y su custodia se realizaba en la misma catedral bajo estrictas medidas de seguridad.<\/p>\n<p>La finalidad del hurto estar\u00eda en la posible venta del texto, situando su precio base en 100 millones de euros, por tratarse de un libro \u00fanico en su publicaci\u00f3n al no existir m\u00e1s copias del documento. La polic\u00eda se encuentra indagando los canales de venta formales e informales con el fin de interceptar la posible salida del pa\u00eds del texto. Adem\u00e1s, seg\u00fan historiadores y varios acad\u00e9micos, esta p\u00e9rdida, de por s\u00ed, ya es una p\u00e9rdida irreparable por los posibles da\u00f1os que pudiese sufrir por la extracci\u00f3n del documento sin las medidas de seguridad necesarias.<\/p>\n<p>Fuente: Wikinoticias<\/p>\n","protected":false},"excerpt":{"rendered":"<p>Santiago de Compostela, Espa\u00f1a \u2013 Un extra\u00f1o robo ocurri\u00f3 en la Catedral de Santiago de Compostela, donde desapareci\u00f3 el C\u00f3dice Calixtino, que se considera como un tesoro hist\u00f3rico, por las narraciones que guardan relaci\u00f3n con las peregrinaciones del Ap\u00f3stol Santiago hasta la pen\u00ednsula Ib\u00e9rica, junto al legado patrimonial dejado en las p\u00e1ginas de los manuscritos. [&hellip;]<\/p>\n","protected":false},"author":1,"featured_media":0,"comment_status":"open","ping_status":"open","sticky":false,"template":"","format":"standard","meta":{"footnotes":""},"categories":[20],"tags":[345,1498,1524],"class_list":["post-3051","post","type-post","status-publish","format-standard","hentry","category-religion-y-fe","tag-codice-calixtino","tag-robo-del-codice-calixtino","tag-santiago-de-compostela"],"blocksy_meta":[],"_links":{"self":[{"href":"https:\/\/politicaysociedad.com\/index.php\/wp-json\/wp\/v2\/posts\/3051","targetHints":{"allow":["GET"]}}],"collection":[{"href":"https:\/\/politicaysociedad.com\/index.php\/wp-json\/wp\/v2\/posts"}],"about":[{"href":"https:\/\/politicaysociedad.com\/index.php\/wp-json\/wp\/v2\/types\/post"}],"author":[{"embeddable":true,"href":"https:\/\/politicaysociedad.com\/index.php\/wp-json\/wp\/v2\/users\/1"}],"replies":[{"embeddable":true,"href":"https:\/\/politicaysociedad.com\/index.php\/wp-json\/wp\/v2\/comments?post=3051"}],"version-history":[{"count":0,"href":"https:\/\/politicaysociedad.com\/index.php\/wp-json\/wp\/v2\/posts\/3051\/revisions"}],"wp:attachment":[{"href":"https:\/\/politicaysociedad.com\/index.php\/wp-json\/wp\/v2\/media?parent=3051"}],"wp:term":[{"taxonomy":"category","embeddable":true,"href":"https:\/\/politicaysociedad.com\/index.php\/wp-json\/wp\/v2\/categories?post=3051"},{"taxonomy":"post_tag","embeddable":true,"href":"https:\/\/politicaysociedad.com\/index.php\/wp-json\/wp\/v2\/tags?post=3051"}],"curies":[{"name":"wp","href":"https:\/\/api.w.org\/{rel}","templated":true}]}}