{"id":281,"date":"2008-10-29T12:19:16","date_gmt":"2008-10-29T12:19:16","guid":{"rendered":"http:\/\/unidadsiporelcambio.wordpress.com\/?p=281"},"modified":"2008-10-29T12:19:16","modified_gmt":"2008-10-29T12:19:16","slug":"kintto-lucas-constitucion-2008-entre-el-quiebre-y-la-realidad","status":"publish","type":"post","link":"https:\/\/politicaysociedad.com\/index.php\/2008\/10\/29\/kintto-lucas-constitucion-2008-entre-el-quiebre-y-la-realidad\/","title":{"rendered":"Kintto Lucas: Constituci\u00f3n 2008: Entre el Quiebre y la realidad"},"content":{"rendered":"<p><a href=\"http:\/\/politicaysociedad.com\/wp-content\/uploads\/2008\/10\/kintto-quiebre.jpg\"><img loading=\"lazy\" decoding=\"async\" class=\"aligncenter size-large wp-image-282\" title=\"kintto-quiebre\" src=\"http:\/\/politicaysociedad.com\/wp-content\/uploads\/2008\/10\/kintto-quiebre.jpg?w=450\" alt=\"\" width=\"450\" height=\"513\" \/><\/a><\/p>\n<p>Ya est\u00e1 en librer\u00edas CONSTITUCI\u00d3N 2008: Entre el quiebre y la realidad, un libro editado por Editorial Abya Yala, que integra cr\u00f3nicas de la Asamblea Constituyente , devela las contradicciones en su interior, reflexiona temas importantes de la nueva Carta Magna, interpreta qu\u00e9 estaba en juego con el refer\u00e9ndum, revela el papel de la Iglesia y analiza la coyuntura pol\u00edtica del pa\u00eds entre otros temas.<\/p>\n<p>Los textos de este libro, son un aporte al debate sobre la Constituci\u00f3n del 2008 redactada en Montecristi, la realidad ecuatoriana y las perspectivas de futuro.<\/p>\n<p>Compilados por Kintto Lucas, este libro tiene textos de Alberto Acosta, Alejandro Moreano, Ana Mar\u00eda Larrea, Eduardo Galeano, Eduardo Gudynas, Erika Sylva, Francisco Hidalgo, Gabriela Quezada, Guillermo Navarro, Juan Paz y Mi\u00f1o, Mario Unda, Pablo Ospina, Patricio Benalcazar, Patricio del Salto, Rub\u00e9n Dar\u00edo Buitr\u00f3n y el compilador<\/p>\n<p>El buen vivir, la plurinacionalidad, la interculturalidad, los derechos colectivos y de la naturaleza, el rescate de la soberan\u00eda, la soberan\u00eda alimentaria, la integraci\u00f3n latinoamericana, el agua como derecho humano, los derechos de los migrantes, la econom\u00eda solidaria, la comunicaci\u00f3n, la renovaci\u00f3n de la justicia y el derecho del pueblo a la resistencia son algunos de los temas tratados en este libro.<\/p>\n","protected":false},"excerpt":{"rendered":"<p>Ya est\u00e1 en librer\u00edas CONSTITUCI\u00d3N 2008: Entre el quiebre y la realidad, un libro editado por Editorial Abya Yala, que integra cr\u00f3nicas de la Asamblea Constituyente , devela las contradicciones en su interior, reflexiona temas importantes de la nueva Carta Magna, interpreta qu\u00e9 estaba en juego con el refer\u00e9ndum, revela el papel de la Iglesia [&hellip;]<\/p>\n","protected":false},"author":1,"featured_media":0,"comment_status":"open","ping_status":"open","sticky":false,"template":"","format":"standard","meta":{"footnotes":""},"categories":[7],"tags":[68,74,390,990,1508],"class_list":["post-281","post","type-post","status-publish","format-standard","hentry","category-general","tag-alberto-acosta","tag-alejandro-moreano","tag-constitucion-ecuador","tag-kintto-lucas","tag-ruben-dario-buitron"],"blocksy_meta":[],"_links":{"self":[{"href":"https:\/\/politicaysociedad.com\/index.php\/wp-json\/wp\/v2\/posts\/281","targetHints":{"allow":["GET"]}}],"collection":[{"href":"https:\/\/politicaysociedad.com\/index.php\/wp-json\/wp\/v2\/posts"}],"about":[{"href":"https:\/\/politicaysociedad.com\/index.php\/wp-json\/wp\/v2\/types\/post"}],"author":[{"embeddable":true,"href":"https:\/\/politicaysociedad.com\/index.php\/wp-json\/wp\/v2\/users\/1"}],"replies":[{"embeddable":true,"href":"https:\/\/politicaysociedad.com\/index.php\/wp-json\/wp\/v2\/comments?post=281"}],"version-history":[{"count":0,"href":"https:\/\/politicaysociedad.com\/index.php\/wp-json\/wp\/v2\/posts\/281\/revisions"}],"wp:attachment":[{"href":"https:\/\/politicaysociedad.com\/index.php\/wp-json\/wp\/v2\/media?parent=281"}],"wp:term":[{"taxonomy":"category","embeddable":true,"href":"https:\/\/politicaysociedad.com\/index.php\/wp-json\/wp\/v2\/categories?post=281"},{"taxonomy":"post_tag","embeddable":true,"href":"https:\/\/politicaysociedad.com\/index.php\/wp-json\/wp\/v2\/tags?post=281"}],"curies":[{"name":"wp","href":"https:\/\/api.w.org\/{rel}","templated":true}]}}