{"id":250,"date":"2008-10-24T17:10:20","date_gmt":"2008-10-24T17:10:20","guid":{"rendered":"http:\/\/unidadsiporelcambio.wordpress.com\/?p=250"},"modified":"2008-10-24T17:10:20","modified_gmt":"2008-10-24T17:10:20","slug":"kintto-lucas-colcha-de-retazos","status":"publish","type":"post","link":"https:\/\/politicaysociedad.com\/index.php\/2008\/10\/24\/kintto-lucas-colcha-de-retazos\/","title":{"rendered":"Kintto Lucas: Colcha de retazos"},"content":{"rendered":"<figure id=\"attachment_251\" aria-describedby=\"caption-attachment-251\" style=\"width: 250px\" class=\"wp-caption aligncenter\"><a href=\"http:\/\/unidadsiporelcambio.files.wordpress.com\/2008\/10\/manta-peru.jpg\"><img loading=\"lazy\" decoding=\"async\" class=\"size-full wp-image-251\" title=\"manta-peru\" src=\"http:\/\/unidadsiporelcambio.files.wordpress.com\/2008\/10\/manta-peru.jpg\" alt=\"\/\/semillasdeidentidad-santander.blogspot.com\/2007\/09\/colcha-de-retazos-salvemos-nuestras.html\" width=\"250\" height=\"359\" \/><\/a><figcaption id=\"caption-attachment-251\" class=\"wp-caption-text\">Imagen de: http:\/\/semillasdeidentidad-santander.blogspot.com\/2007\/09\/colcha-de-retazos-salvemos-nuestras.html<\/figcaption><\/figure>\n<blockquote><p><strong>\u00abLas victorias burocr\u00e1ticas de esos grupitos no solo le hacen el juego a la derecha interna y externa, sino que pueden ayudar a quebrar Acuerdo Pa\u00eds como ocurri\u00f3 en su momento con Pachakutik por acciones similares.\u00bb<br \/>\n<\/strong><\/p><\/blockquote>\n<p>&#8212;<\/p>\n<p>El Presidente de la Rep\u00fablica, anunci\u00f3 hace algunos d\u00edas que en las pr\u00f3ximas elecciones prefiere que Acuerdo Pa\u00eds (AP) no presente candidatos a alcaldes o prefectos y apoye a la mayor\u00eda de los que est\u00e1n en funciones, con los que el gobierno ha trabajado bien.<\/p>\n<p>Buena parte de esos alcaldes y prefectos pertenecieron, hasta poco antes de alinearse con el gobierno, a la denominada \u201cpartidocracia\u201d. El apoyo del Presidente a esas candidaturas podr\u00eda crearle un problema interno con las bases locales del movimiento gubernamental, que quieren presentar candidatos propios y solicitan elecciones internas para elegir las candidaturas.<\/p>\n<p>Acuerdo Pa\u00eds no es un Frente estructurado como coalici\u00f3n y movimiento, como el Frente Amplio de Uruguay o el partido de los Trabajadores de Brasil, sino una colcha de retazos a la que se zurcen nuevos retazos mientras se descosen otros, y en la que muchas veces el color de cada retazo se torna un tanto difuso.<\/p>\n<p>El \u00fanico hilo que, hasta el momento, logra mantener en parte unidos a esos retazos, es Rafael Correa. Pero los colores siguen siendo difusos.<\/p>\n<p>Una organizaci\u00f3n en forma de Frente como el Partido de los Trabajadores de Brasil o, sobre todo, el Frente Amplio de Uruguay, es la mejor forma de lograr que los colores sean m\u00e1s claros, integrando la diversidad de izquierdas y \u201ccentroizquierdas\u201d en una estructura que cierre el espacio a la derecha. As\u00ed, adem\u00e1s, se identifica p\u00fablicamente la tendencia de los grupos y grupitos que integran AP y de sus representantes.<\/p>\n<p>En una estructura desestructurada como la de Acuerdo Pa\u00eds, cualquier grupito de \u201ccentroizquierda tradicional\u201d con un \u201caparato\u201d cl\u00e1sico m\u00e1s o menos organizado puede obtener algunos logros burocr\u00e1ticos, nombrando gente en el Consejo Electoral, en el futuro Consejo de Participaci\u00f3n, alg\u00fan gobernador y hasta alg\u00fan ministro.<\/p>\n<p>Esos hechos a mediano plazo se transforman en victorias p\u00edrricas ante la derecha interna, que est\u00e1 donde se corta el pescado, con los altos ejecutivos de la Telef\u00f3nica Porta, trabajando la reestructuraci\u00f3n de la Corte Suprema de Justicia o acordando con los grandes grupos agroalimentarios.<\/p>\n<p>Las victorias burocr\u00e1ticas de esos grupitos no solo le hacen el juego a la derecha interna y externa, sino que pueden ayudar a quebrar Acuerdo Pa\u00eds como ocurri\u00f3 en su momento con Pachakutik por acciones similares.<\/p>\n<p>La realizaci\u00f3n de un Congreso Ideol\u00f3gico, como propone Alberto Acosta, y de elecciones internas, con las que est\u00e1 de acuerdo el propio Presidente Correa, podr\u00edan servir para consolidar organizativamente a AP, fortalecer su democracia interna y comenzar a torcer la correlaci\u00f3n de fuerzas hacia un proyecto de izquierda.<\/p>\n<p>En este momento difuso, si pensamos en candidaturas, habr\u00eda \u00fanicamente dos que est\u00e1n cantadas, y que, si bien deber\u00edan someterse a elecciones internas, no tienen rivales ni dentro de Acuerdo Pa\u00eds ni en otros partidos. Una es la de Rafael Correa a la Presidencia y la otra es la de Alberto Acosta a la Alcald\u00eda de Quito. Son las \u00fanicas cartas realmente ganadoras de Acuerdo Pa\u00eds, aunque los colores de la colcha de retazos sigan siendo difusos.<\/p>\n","protected":false},"excerpt":{"rendered":"<p>\u00abLas victorias burocr\u00e1ticas de esos grupitos no solo le hacen el juego a la derecha interna y externa, sino que pueden ayudar a quebrar Acuerdo Pa\u00eds como ocurri\u00f3 en su momento con Pachakutik por acciones similares.\u00bb &#8212; El Presidente de la Rep\u00fablica, anunci\u00f3 hace algunos d\u00edas que en las pr\u00f3ximas elecciones prefiere que Acuerdo Pa\u00eds [&hellip;]<\/p>\n","protected":false},"author":1,"featured_media":0,"comment_status":"open","ping_status":"open","sticky":false,"template":"","format":"standard","meta":{"footnotes":""},"categories":[7],"tags":[400,556,990,1270,1288,1366],"class_list":["post-250","post","type-post","status-publish","format-standard","hentry","category-general","tag-coordinacion","tag-ecuador","tag-kintto-lucas","tag-organizacion","tag-pachakutik","tag-politica"],"blocksy_meta":[],"_links":{"self":[{"href":"https:\/\/politicaysociedad.com\/index.php\/wp-json\/wp\/v2\/posts\/250","targetHints":{"allow":["GET"]}}],"collection":[{"href":"https:\/\/politicaysociedad.com\/index.php\/wp-json\/wp\/v2\/posts"}],"about":[{"href":"https:\/\/politicaysociedad.com\/index.php\/wp-json\/wp\/v2\/types\/post"}],"author":[{"embeddable":true,"href":"https:\/\/politicaysociedad.com\/index.php\/wp-json\/wp\/v2\/users\/1"}],"replies":[{"embeddable":true,"href":"https:\/\/politicaysociedad.com\/index.php\/wp-json\/wp\/v2\/comments?post=250"}],"version-history":[{"count":0,"href":"https:\/\/politicaysociedad.com\/index.php\/wp-json\/wp\/v2\/posts\/250\/revisions"}],"wp:attachment":[{"href":"https:\/\/politicaysociedad.com\/index.php\/wp-json\/wp\/v2\/media?parent=250"}],"wp:term":[{"taxonomy":"category","embeddable":true,"href":"https:\/\/politicaysociedad.com\/index.php\/wp-json\/wp\/v2\/categories?post=250"},{"taxonomy":"post_tag","embeddable":true,"href":"https:\/\/politicaysociedad.com\/index.php\/wp-json\/wp\/v2\/tags?post=250"}],"curies":[{"name":"wp","href":"https:\/\/api.w.org\/{rel}","templated":true}]}}