{"id":216,"date":"2008-09-30T00:56:19","date_gmt":"2008-09-30T00:56:19","guid":{"rendered":"http:\/\/unidadsiporelcambio.wordpress.com\/?p=216"},"modified":"2008-09-30T00:56:19","modified_gmt":"2008-09-30T00:56:19","slug":"juan-j-paz-y-mino-futuro-constitucional","status":"publish","type":"post","link":"https:\/\/politicaysociedad.com\/index.php\/2008\/09\/30\/juan-j-paz-y-mino-futuro-constitucional\/","title":{"rendered":"Juan J. Paz y Mi\u00f1o: Futuro Constitucional"},"content":{"rendered":"<p style=\"text-align:justify;text-indent:35.4pt;\">\n<p style=\"text-align:justify;text-indent:35.4pt;\"><strong><span style=\"font-size:large;font-family:Times New Roman;\"><span style=\"font-size:18pt;font-weight:bold;\" lang=\"ES-EC\">E<\/span><\/span><\/strong><span lang=\"ES-EC\">ste art\u00edculo fue escrito antes del d\u00eda se\u00f1alado para el refer\u00e9ndum, de manera que al publicarse ya se sabr\u00e1n los resultados del pronunciamiento nacional.<\/span><\/p>\n<p style=\"text-align:justify;\"><strong><span style=\"font-size:xx-small;font-family:Times New Roman;\"><span style=\"font-size:8pt;font-weight:bold;\" lang=\"ES-EC\"><br \/>\n<\/span><\/span><\/strong><span lang=\"ES-EC\">Cabe recordar, por tanto, que el proceso constituyente que ha vivido el Ecuador no se redujo al pronunciamiento favorable o contrario a una nueva Constituci\u00f3n, sino que, desde una perspectiva hist\u00f3rica, es el resultado de un proceso m\u00e1s amplio en el tiempo.<\/span><\/p>\n<p style=\"text-align:justify;\"><strong><span style=\"font-size:xx-small;font-family:Times New Roman;\"><span style=\"font-size:8pt;font-weight:bold;\" lang=\"ES-EC\"><br \/>\n<\/span><\/span><\/strong><span lang=\"ES-EC\">En efecto, cuando en 1979 se inici\u00f3 el gobierno de Jaime Rold\u00f3s (1979-1981) y la vigencia de la Constituci\u00f3n aprobada en refer\u00e9ndum en 1978, las tendencias prevalecientes en la sociedad ecuatoriana fueron las del reformismo democr\u00e1tico. Sin embargo, pese al \u201cizquierdismo\u201d del gobierno de Osvaldo Hurtado (1981-1984) en aquella \u00e9poca (los empresarios le atacaban como \u201ccomunista\u201d), la crisis econ\u00f3mica y de la deuda externa oblig\u00f3 a los primeros giros \u201cneoliberales\u201d.<\/span><\/p>\n<p style=\"text-align:justify;\"><span style=\"font-size:xx-small;font-family:Times New Roman;\"><span style=\"font-size:8pt;\" lang=\"ES-EC\"><br \/>\n<\/span><\/span><span lang=\"ES-EC\">Pero fue a partir de Le\u00f3n Febres Cordero (1984-1988) cuando el reformismo democr\u00e1tico revirti\u00f3. Bajo la hegemon\u00eda pol\u00edtica del socialcristianismo, la econom\u00eda pas\u00f3 a orientarse por los intereses del alto empresariado y de las c\u00e1maras de la producci\u00f3n. Se implantaron el autoritarismo, la represi\u00f3n y la ausencia de democracia.<\/span><\/p>\n<p style=\"text-align:justify;\"><strong><span style=\"font-size:xx-small;font-family:Times New Roman;\"><span style=\"font-size:8pt;font-weight:bold;\" lang=\"ES-EC\"><br \/>\n<\/span><\/span><\/strong><span lang=\"ES-EC\">La consolidaci\u00f3n del modelo empresarial de desarrollo, si bien fue temporalmente afectada por el reformista gobierno de Rodrigo Borja (1988-1992), revivi\u00f3 con Sixto Dur\u00e1n Ball\u00e9n (1992-1996). Luego, entre 1996 y 2006, la ca\u00f3tica institucionalidad gubernamental, con siete gobiernos (tres electos y luego derrocados) y un ef\u00edmero triunvirato dictatorial, acompa\u00f1\u00f3 a la continuidad de la construcci\u00f3n del modelo empresarial, que benefici\u00f3 a una elite y perjudic\u00f3 a la mayor\u00eda nacional.<\/span><\/p>\n<p style=\"text-align:justify;\"><strong><span style=\"font-size:xx-small;font-family:Times New Roman;\"><span style=\"font-size:8pt;font-weight:bold;\" lang=\"ES-EC\"><br \/>\n<\/span><\/span><\/strong><span lang=\"ES-EC\">Por consecuencia, en los \u00faltimos veinticinco a\u00f1os el pa\u00eds se polariz\u00f3, pues se edific\u00f3 una econom\u00eda injusta y excluyente (Ecuador pas\u00f3 a ser uno de los m\u00e1s inequitativos del mundo) y los partidos pol\u00edticos se alejaron de sus responsabilidades sociales. Esto es lo que provoc\u00f3 la acumulaci\u00f3n de fuerzas populares adversas y resistentes, que desde el levantamiento ind\u00edgena de 1990 han venido afirm\u00e1ndose.<\/span><\/p>\n<p style=\"text-align:justify;\"><strong><span style=\"font-size:xx-small;font-family:Times New Roman;\"><span style=\"font-size:8pt;font-weight:bold;\" lang=\"ES-EC\"><br \/>\n<\/span><\/span><\/strong><span lang=\"ES-EC\">El triunfo del SI, da continuidad a este proceso de lucha social contempor\u00e1nea, que en el futuro tendr\u00e1 que enfrentar mayores polarizaciones por quienes se alistar\u00e1n para evitar que un nuevo tipo de Estado se imponga sobre sus intereses privados. Y suponiendo que el NO hubiera triunfado (algo improbable), ello tambi\u00e9n marcar\u00e1 un momento de agudizaci\u00f3n de las confrontaciones por el poder, pues las viejas elites olig\u00e1rquico-capitalistas buscar\u00e1n arremeter contra toda reforma y contra quienes las han impulsado y apoyado. Su arrogancia autoritaria retornar\u00e1 a\u00fan con el triunfo del SI, pues no ceder\u00e1n \u201cf\u00e1cilmente\u201d sus privilegios.<\/span><\/p>\n<p style=\"text-align:justify;\"><strong><span style=\"font-size:xx-small;font-family:Times New Roman;\"><span style=\"font-size:8pt;font-weight:bold;\" lang=\"ES-EC\"><br \/>\n<\/span><\/span><\/strong><span lang=\"ES-EC\">Como siempre lo han demostrado otras \u00e9pocas hist\u00f3ricas de flujos y reflujos sociales, solo la organizaci\u00f3n, la activa presencia popular y la lucha constante por nuestros valores y derechos, ser\u00e1n los mecanismos nacionales para frenar e impedir el totalitarismo de ese \u201cEstado empresarial\u201d criollo, ya vivido en el pasado reciente.<\/span><\/p>\n","protected":false},"excerpt":{"rendered":"<p>Este art\u00edculo fue escrito antes del d\u00eda se\u00f1alado para el refer\u00e9ndum, de manera que al publicarse ya se sabr\u00e1n los resultados del pronunciamiento nacional. Cabe recordar, por tanto, que el proceso constituyente que ha vivido el Ecuador no se redujo al pronunciamiento favorable o contrario a una nueva Constituci\u00f3n, sino que, desde una perspectiva hist\u00f3rica, [&hellip;]<\/p>\n","protected":false},"author":1,"featured_media":0,"comment_status":"open","ping_status":"open","sticky":false,"template":"","format":"standard","meta":{"footnotes":""},"categories":[7],"tags":[389,556,620,663,722],"class_list":["post-216","post","type-post","status-publish","format-standard","hentry","category-general","tag-constitucion","tag-ecuador","tag-estado-empresarial","tag-febres-cordero","tag-futuro"],"blocksy_meta":[],"_links":{"self":[{"href":"https:\/\/politicaysociedad.com\/index.php\/wp-json\/wp\/v2\/posts\/216","targetHints":{"allow":["GET"]}}],"collection":[{"href":"https:\/\/politicaysociedad.com\/index.php\/wp-json\/wp\/v2\/posts"}],"about":[{"href":"https:\/\/politicaysociedad.com\/index.php\/wp-json\/wp\/v2\/types\/post"}],"author":[{"embeddable":true,"href":"https:\/\/politicaysociedad.com\/index.php\/wp-json\/wp\/v2\/users\/1"}],"replies":[{"embeddable":true,"href":"https:\/\/politicaysociedad.com\/index.php\/wp-json\/wp\/v2\/comments?post=216"}],"version-history":[{"count":0,"href":"https:\/\/politicaysociedad.com\/index.php\/wp-json\/wp\/v2\/posts\/216\/revisions"}],"wp:attachment":[{"href":"https:\/\/politicaysociedad.com\/index.php\/wp-json\/wp\/v2\/media?parent=216"}],"wp:term":[{"taxonomy":"category","embeddable":true,"href":"https:\/\/politicaysociedad.com\/index.php\/wp-json\/wp\/v2\/categories?post=216"},{"taxonomy":"post_tag","embeddable":true,"href":"https:\/\/politicaysociedad.com\/index.php\/wp-json\/wp\/v2\/tags?post=216"}],"curies":[{"name":"wp","href":"https:\/\/api.w.org\/{rel}","templated":true}]}}