{"id":2006,"date":"2009-07-14T10:34:31","date_gmt":"2009-07-14T15:34:31","guid":{"rendered":"http:\/\/unidadsiporelcambio.wordpress.com\/?p=2006"},"modified":"2009-07-14T10:34:31","modified_gmt":"2009-07-14T15:34:31","slug":"revolucion-juliana","status":"publish","type":"post","link":"https:\/\/politicaysociedad.com\/index.php\/2009\/07\/14\/revolucion-juliana\/","title":{"rendered":"Revoluci\u00f3n Juliana"},"content":{"rendered":"<p>Por Juan Paz y Mi\u00f1o.<\/p>\n<p style=\"border:medium none;text-align:justify;padding:0;\"><span style=\"font-family:Times New Roman;font-size:small;\"><span style=\"font-size:12pt;\"><img loading=\"lazy\" decoding=\"async\" class=\"alignleft size-full wp-image-483\" src=\"http:\/\/unidadsiporelcambio.files.wordpress.com\/2008\/11\/image002.gif\" alt=\"\" width=\"143\" height=\"71\" \/>El 9 de Julio de 1925 la joven oficialidad del Ej\u00e9rcito tom\u00f3 el poder. Se inici\u00f3 as\u00ed la Revoluci\u00f3n Juliana, que comprendi\u00f3 dos Juntas Provisionales de gobierno y la presidencia de Isidro Ayora (1926-1931).<\/span><\/span><\/p>\n<p style=\"border:medium none;text-align:justify;padding:0;\"><span style=\"font-family:Times New Roman;font-size:small;\"><span style=\"font-size:12pt;\"> <\/span><\/span><\/p>\n<p style=\"border:medium none;text-align:justify;padding:0;\"><span style=\"font-family:Times New Roman;font-size:small;\"><span style=\"font-size:12pt;\">La Revoluci\u00f3n se produjo bajo una serie de condiciones: la severa crisis econ\u00f3mica, el agotamiento del Estado Liberal, el declive del bipartidismo liberal-conservador, el despertar del movimiento obrero, un ambiente internacional de avance de la conciencia social, la instalaci\u00f3n del socialismo en la  Uni\u00f3n Sovi\u00e9tica (1917). Sobre todo, fue una reacci\u00f3n contra las poderosas oligarqu\u00edas, particularmente de la bancaria, que hab\u00edan mantenido sujeto al Estado como instrumento de sus intereses.<\/span><\/span><\/p>\n<p style=\"border:medium none;text-align:justify;padding:0;\"><span style=\"font-family:Times New Roman;font-size:small;\"><span style=\"font-size:12pt;\"> <\/span><\/span><\/p>\n<p style=\"border:medium none;text-align:justify;padding:0;\"><span style=\"font-family:Times New Roman;font-size:small;\"><span style=\"font-size:12pt;\">Hasta este momento, los bancos eran emisores de billetes, controlaban el r\u00e9gimen monetario y eran prestamistas de los gobiernos. Todav\u00eda exist\u00edan cuentas p\u00fablicas descentralizadas y hasta aut\u00f3nomas, sujetas al manejo privado y pol\u00edtico. Y los primeros n\u00facleos de trabajadores carec\u00edan de derechos fundamentales, en un pa\u00eds hegemonizado por el sistema olig\u00e1rquico-terrateniente.<\/span><\/span><\/p>\n<p style=\"border:medium none;text-align:justify;padding:0;\"><span style=\"font-family:Times New Roman;font-size:small;\"><span style=\"font-size:12pt;\"> <\/span><\/span><\/p>\n<p style=\"border:medium none;text-align:justify;padding:0;\"><span style=\"font-family:Times New Roman;font-size:small;\"><span style=\"font-size:12pt;\">Los gobiernos julianos por primera vez fiscalizaron a los bancos, centralizaron las rentas y organizaron la hacienda p\u00fablica bajo una Ley de Presupuesto. Con el concurso de la Misi\u00f3n norteamericana de Edwin W. Kemmerer, crearon el Banco Central, la Superintendencia de Bancos y la Contralor\u00eda. Los julianos inauguraron la misi\u00f3n social del Estado, con el Ministerio de Previsi\u00f3n Social, la Caja de Pensiones, las Direcciones de Salud y leyes sobre contratos laborales, salario, jornada y sindicatos. Este conjunto de pol\u00edticas, que por primera vez en la historia defini\u00f3 el activo papel del Estado en la econom\u00eda y en el trabajo, fue ampliamente respaldado por los sectores medios y populares del pa\u00eds. Naturalmente provoc\u00f3 la reacci\u00f3n de las oligarqu\u00edas y en especial de la plutocracia que lanz\u00f3 una campa\u00f1a regionalista permanente, intentando movilizar el \u201cguayaquile\u00f1ismo\u201d y sosteniendo que \u201cel oro de la Costa se quieren llevar los serranos\u201d. <\/span><\/span><\/p>\n<p style=\"border:medium none;text-align:justify;padding:0;\"><span style=\"font-family:Times New Roman;font-size:small;\"><span style=\"font-size:12pt;\"> <\/span><\/span><\/p>\n<p style=\"border:medium none;text-align:justify;padding:0;\"><span style=\"font-family:Times New Roman;font-size:small;\"><span style=\"font-size:12pt;\">Pero la Revoluci\u00f3n Juliana, que incluso se inici\u00f3 en Guayaquil, recibi\u00f3 amplio respaldo popular en la misma ciudad. V\u00edctor E. Estrada, ilustre banquero guayaquile\u00f1o, no solo salud\u00f3 a los julianos, sino que se consider\u00f3 un precursor de sus ideas econ\u00f3micas. El esfuerzo de los gobiernos julianos por obras y mejores condiciones de salubridad y servicios m\u00e9dicos en Guayaquil fue reconocido en la misma \u00e9poca. Y la legislaci\u00f3n social protegi\u00f3 algo m\u00e1s a los trabajadores, de cuyas filas provinieron los muertos del 15 de noviembre de 1922, v\u00edctimas de la represi\u00f3n de las mismas oligarqu\u00edas que resistieron a las transformaciones julianas.<\/span><\/span><\/p>\n<p style=\"border:medium none;text-align:justify;padding:0;\"><span style=\"font-family:Times New Roman;font-size:small;\"><span style=\"font-size:12pt;\"> <\/span><\/span><\/p>\n<p style=\"border:medium none;text-align:justify;padding:0;\"><span style=\"font-family:Times New Roman;font-size:small;\"><span style=\"font-size:12pt;\">En las fiestas de Guayaquil y en el calendario hist\u00f3rico del Ecuador, la Revoluci\u00f3n Juliana ocupa un sitial importante por su posici\u00f3n social y antiolig\u00e1rquica. Por eso es que los grupos de poder procuran tapar el significado de dicha revoluci\u00f3n para el Ecuador y en Guayaquil la tildan de \u201cignominiosa\u201d. Ese tipo de ataques, como en la actualidad, siempre han estado presentes cuando existen gobiernos que golpean los intereses de las \u00e9lites del poder.<\/span><\/span><\/p>\n","protected":false},"excerpt":{"rendered":"<p>&#8230;\u00bbPero la Revoluci\u00f3n Juliana, que incluso se inici\u00f3 en Guayaquil, recibi\u00f3 amplio respaldo popular en la misma ciudad. V\u00edctor E. Estrada, ilustre banquero guayaquile\u00f1o, no solo &#8230;<\/p>\n","protected":false},"author":1,"featured_media":0,"comment_status":"open","ping_status":"open","sticky":false,"template":"","format":"standard","meta":{"footnotes":""},"categories":[7],"tags":[32,171,174,181,251,396,564,798,911,966,1021,1159,1487,1540,1572,1596,1671,1696],"class_list":["post-2006","post","type-post","status-publish","format-standard","hentry","category-general","tag-9-de-julio-de-1925","tag-banca","tag-banco-central","tag-banqueros","tag-caja-de-pensiones","tag-contraloria","tag-edwin-w-kemmerer","tag-guayaquilenismo","tag-isidro-ayora","tag-juan-paz-y-mino","tag-ley-de-presupuesto","tag-ministerio-de-prevision-social","tag-revolucion-juliana","tag-serranos","tag-socialismo","tag-superintendencia-de-bancos","tag-union-sovietica","tag-victor-emilio-estrada"],"blocksy_meta":[],"_links":{"self":[{"href":"https:\/\/politicaysociedad.com\/index.php\/wp-json\/wp\/v2\/posts\/2006","targetHints":{"allow":["GET"]}}],"collection":[{"href":"https:\/\/politicaysociedad.com\/index.php\/wp-json\/wp\/v2\/posts"}],"about":[{"href":"https:\/\/politicaysociedad.com\/index.php\/wp-json\/wp\/v2\/types\/post"}],"author":[{"embeddable":true,"href":"https:\/\/politicaysociedad.com\/index.php\/wp-json\/wp\/v2\/users\/1"}],"replies":[{"embeddable":true,"href":"https:\/\/politicaysociedad.com\/index.php\/wp-json\/wp\/v2\/comments?post=2006"}],"version-history":[{"count":0,"href":"https:\/\/politicaysociedad.com\/index.php\/wp-json\/wp\/v2\/posts\/2006\/revisions"}],"wp:attachment":[{"href":"https:\/\/politicaysociedad.com\/index.php\/wp-json\/wp\/v2\/media?parent=2006"}],"wp:term":[{"taxonomy":"category","embeddable":true,"href":"https:\/\/politicaysociedad.com\/index.php\/wp-json\/wp\/v2\/categories?post=2006"},{"taxonomy":"post_tag","embeddable":true,"href":"https:\/\/politicaysociedad.com\/index.php\/wp-json\/wp\/v2\/tags?post=2006"}],"curies":[{"name":"wp","href":"https:\/\/api.w.org\/{rel}","templated":true}]}}