{"id":1762,"date":"2009-05-28T14:05:43","date_gmt":"2009-05-28T19:05:43","guid":{"rendered":"http:\/\/unidadsiporelcambio.wordpress.com\/?p=1762"},"modified":"2009-05-28T14:05:43","modified_gmt":"2009-05-28T19:05:43","slug":"alejandro-moreano-victoria-de-relancina","status":"publish","type":"post","link":"https:\/\/politicaysociedad.com\/index.php\/2009\/05\/28\/alejandro-moreano-victoria-de-relancina\/","title":{"rendered":"Alejandro Moreano: \u00bfVictoria de relancina?"},"content":{"rendered":"<p><a href=\"http:\/\/unidadsiporelcambio.files.wordpress.com\/2008\/11\/moreano2.jpg\"><img loading=\"lazy\" decoding=\"async\" class=\"alignleft size-full wp-image-501\" title=\"moreano2\" src=\"http:\/\/unidadsiporelcambio.files.wordpress.com\/2008\/11\/moreano2.jpg\" alt=\"moreano2\" width=\"101\" height=\"51\" \/><\/a>De improviso, inopinado, inesperado, impensado, imprevisto, accidental, insospechado, al acaso, al azar, de relancina, de chiripa, de rebote&#8230; tales los calificativos entre los que escogimos uno para inquirir sobre el sui g\u00e9neris\u00a0 triunfo electoral de Pachakutik.<\/p>\n<p>En efecto, si en la elecci\u00f3n de Asamble\u00edstas nacionales apenas obtuvieron 49.722 votos, el 1,37%; a niveles provinciales, en cambio, obtuvieron 6 prefecturas \u2013tres en la Amazon\u00eda- alrededor de 30 alcald\u00edas y varios asamble\u00edstas.<\/p>\n<p>Fue notable que en algunas provincias, de alta poblaci\u00f3n ind\u00edgena, en que Guti\u00e9rrez gan\u00f3 o tuvo una muy alta votaci\u00f3n, Pachacutik obtuvo las prefecturas, varias alcald\u00edas y asamble\u00edstas provinciales.<\/p>\n<p>No es hoy el momento de elucidar tal coincidencia; lo importante es que el resultado ha sido una dura advertencia para el Gobierno, a la par que confiere a Pachakutik la conducci\u00f3n de la fuerza pol\u00edtica en dichas provincias. Es un alivio que Guti\u00e9rrez no quedara con el monopolio de amenazar con \u00abparos a la boliviana\u00bb en las provincias orientales.<\/p>\n<p>Pachakutik y los pueblos indios han conquistado una gran capacidad de maniobra. Hay en ellos una suerte de inteligencia objetiva m\u00e1s all\u00e1 de la voluntad de sus dirigentes. La coyuntura adem\u00e1s es propicia. El Gobierno ha convocado a un di\u00e1logo, con motivo del homenaje nacional a Mam\u00e1 Tr\u00e1nsito. Humberto Cholango, presidente de ECUARUNARI, ha definido los t\u00e9rminos del di\u00e1logo.<\/p>\n<p>Cabe preguntar, empero, sobre las condiciones de la negociaci\u00f3n. Los temas de la misma son claros: la miner\u00eda, el agua, la reforma agraria y la soberan\u00eda alimentaria, la autonom\u00eda en las circunscripciones territoriales de mayor\u00eda ind\u00edgena; y, en un plano general, el proyecto de desarrollo del pa\u00eds.<\/p>\n<p>Sobre este \u00faltimo punto, el Gobierno ha presentado una propuesta de desarrollo a largo plazo, 16 a\u00f1os, en cuatro ciclos: el primero, 2009-2013, denominado \u00abprimario exportador\u00bb, en que se impulsar\u00eda la industrializaci\u00f3n por \u00absustituci\u00f3n de importaciones\u00bb en 7 ramas estrat\u00e9gicas: bioqu\u00edmica, petroqu\u00edmica, hierro, medicamentos gen\u00e9ricos, bioenerg\u00eda, hardware, software\u00a0 y servicios ambientales. El segundo, 2013-17, en torno a la energ\u00eda hidroel\u00e9ctrica; el tercero y el cuarto, 2017-2025, encauzados a la generaci\u00f3n de biotecnolog\u00eda, conocimientos y servicios tur\u00edsticos, a partir de una intensa renovaci\u00f3n tecnol\u00f3gica.<\/p>\n<p>No habr\u00eda nada que objetar a la propuesta que entra\u00f1a, por fin, un proyecto econ\u00f3mico-productivo nacional, sino fuera por la calificaci\u00f3n del primer ciclo de \u00abprimario exportador\u00bb. El lapso 2009-2013 corresponde al actual Gobierno, rige para su pol\u00edtica inmediata, y es el que est\u00e1 en juego en cualquier negociaci\u00f3n. \u00bfAcaso la calificaci\u00f3n de \u00abprimario exportador\u00bb, no esconde al proyecto minero con la justificaci\u00f3n de la necesaria \u00abfinanciaci\u00f3n del desarrollo\u00bb, y la promesa de un desarrollo futuro no \u00abextractivista\u00bb?<\/p>\n<p>El proyecto minero, que afecta las condiciones de vida de las comunidades y del pueblo en su conjunto, es un sarcasmo a la promesa de un Ecuador no \u00abextractivista\u00bb. Adem\u00e1s, la reforma agraria, la soberan\u00eda alimentaria y del agua son las reformas imprescindibles para la realizaci\u00f3n de tal promesa. No hay negociaci\u00f3n posible sin ellas.<\/p>\n","protected":false},"excerpt":{"rendered":"<p>&#8230;\u00bbPachakutik y los pueblos indios han conquistado una gran capacidad de maniobra. Hay en ellos una suerte de inteligencia objetiva m\u00e1s all\u00e1 de la voluntad de sus dirigentes. La coyuntura adem\u00e1s es\u00bb&#8230;<\/p>\n","protected":false},"author":1,"featured_media":0,"comment_status":"open","ping_status":"open","sticky":false,"template":"","format":"standard","meta":{"footnotes":""},"categories":[7],"tags":[74,92,207,210,556,559,723,818,825,1047,1072,1111,1288,1306,1341,1409,1542,1564,1582,1697],"class_list":["post-1762","post","type-post","status-publish","format-standard","hentry","category-general","tag-alejandro-moreano","tag-amazonia","tag-bioenergia","tag-bioquimica","tag-ecuador","tag-ecuarunari","tag-futuro-no-extractivista","tag-hardware","tag-hierro","tag-lucio-gutierrez","tag-mama-transito-humberto-cholango","tag-medicamentos-genericos","tag-pachakutik","tag-paros-a-la-boliviana","tag-petroquimica","tag-propuesta-de-desarrollo","tag-servicios-ambientales","tag-soberania-alimentaria","tag-software","tag-victoria-de-relancina"],"blocksy_meta":[],"_links":{"self":[{"href":"https:\/\/politicaysociedad.com\/index.php\/wp-json\/wp\/v2\/posts\/1762","targetHints":{"allow":["GET"]}}],"collection":[{"href":"https:\/\/politicaysociedad.com\/index.php\/wp-json\/wp\/v2\/posts"}],"about":[{"href":"https:\/\/politicaysociedad.com\/index.php\/wp-json\/wp\/v2\/types\/post"}],"author":[{"embeddable":true,"href":"https:\/\/politicaysociedad.com\/index.php\/wp-json\/wp\/v2\/users\/1"}],"replies":[{"embeddable":true,"href":"https:\/\/politicaysociedad.com\/index.php\/wp-json\/wp\/v2\/comments?post=1762"}],"version-history":[{"count":0,"href":"https:\/\/politicaysociedad.com\/index.php\/wp-json\/wp\/v2\/posts\/1762\/revisions"}],"wp:attachment":[{"href":"https:\/\/politicaysociedad.com\/index.php\/wp-json\/wp\/v2\/media?parent=1762"}],"wp:term":[{"taxonomy":"category","embeddable":true,"href":"https:\/\/politicaysociedad.com\/index.php\/wp-json\/wp\/v2\/categories?post=1762"},{"taxonomy":"post_tag","embeddable":true,"href":"https:\/\/politicaysociedad.com\/index.php\/wp-json\/wp\/v2\/tags?post=1762"}],"curies":[{"name":"wp","href":"https:\/\/api.w.org\/{rel}","templated":true}]}}