{"id":1574,"date":"2009-04-06T07:45:39","date_gmt":"2009-04-06T12:45:39","guid":{"rendered":"http:\/\/unidadsiporelcambio.wordpress.com\/?p=1574"},"modified":"2009-04-06T07:45:39","modified_gmt":"2009-04-06T12:45:39","slug":"luis-alberto-mendieta-la-revolucion-ciudadana-desde-adentro-una-cronica-necesaria-ultima-parte","status":"publish","type":"post","link":"https:\/\/politicaysociedad.com\/index.php\/2009\/04\/06\/luis-alberto-mendieta-la-revolucion-ciudadana-desde-adentro-una-cronica-necesaria-ultima-parte\/","title":{"rendered":"Luis Alberto Mendieta: La Revoluci\u00f3n Ciudadana desde adentro: Una cr\u00f3nica necesaria. \u00daltima Parte"},"content":{"rendered":"<p class=\"MsoNormal\" style=\"text-align:justify;line-height:normal;\"><strong><span style=\"font-size:12pt;font-family:&amp;\">La recolecci\u00f3n de firmas en la Provincial.<\/span><\/strong><\/p>\n<p>A alg\u00fan ingenioso miembro del Secretariado Provincial se le ocurri\u00f3 un \u2018m\u00e9todo\u2019 por dem\u00e1s degradante y vergonzoso, para maquillar la escandalosa farsa de las Primarias: Para que su carpeta fuese tomada en cuenta al realizar la selecci\u00f3n final de pre-candidatos en la reuni\u00f3n ad-hoc, el cristiano que ten\u00eda inter\u00e9s en participar, deb\u00eda arrastrarse por los pasillos del local de la Shyris, suplicando a los todopoderosos miembros de la Provincial, \u201cque por amor a Dios regalen una firmita\u201d.<br \/>\nEs verdad que muchos de los miembros estaban realmente escandalizados por tan absurda idea, y no se hac\u00edan de rogar en absoluto, procediendo a apoyar con su firma a quien lo solicitaba, eso s\u00ed, s\u00f3lo en caso de conocerlo, para evitar a los avivatos. Pero hubo otros que disfrutaban de ese peque\u00f1o poder que se les confiri\u00f3. Otras, como la compa\u00f1era Ximena Ponce, argumentaban que no pod\u00edan firmar \u201cporque deb\u00edan apoyar a miembros de su proyecto pol\u00edtico\u201d \u00a1Y cu\u00e1l ser\u00eda su proyecto pol\u00edtico, me pregunto! Sobre todo tomando en cuenta que SE SUPONE, est\u00e1bamos dentro de UN MISMO proyecto pol\u00edtico.<br \/>\nResulta, me enter\u00e9 en mitad de los correteos, que Sara Nolasco estaba de candidata a Concejal, as\u00ed como la compa\u00f1era Ver\u00f3nica S., con quien tuve ya un entredicho, luego de mi propuesta de nombrar a un candidato a concejal de Conocoto.<br \/>\nTodo estuvo siempre \u2018amarrado\u2019, como suele decirse, y en lo referente al tema de las concejal\u00edas, Wilson Flores, Sara Nolasco y Mar\u00eda Jos\u00e9 Carri\u00f3n orquestaban tras los telones la funci\u00f3n, manteni\u00e9ndose siempre ocultos, tras la sombra. La \u00faltima, tuvo que reconocerlo en una reuni\u00f3n (la \u00faltima a la que asist\u00ed del Secretariado de Conocoto), en la que discutimos fuertemente por su actitud de princesa pol\u00edtica en su feudo y sus ma\u00f1as partid\u00f3cratas. Reconoci\u00f3 que tuvieron que elegir \u201cdesde arriba\u201d, porque quer\u00edan evitar que los \u2018infiltrados\u2019, o aquellos que nunca hicieron nada por el movimiento, resulten favorecidos con un cargo. \u00a1Habrase visto afirmaci\u00f3n tan absurda! \u00a1Pero si eso fue lo que pas\u00f3 precisamente, con el agravante de que se eligi\u00f3 \u00fanicamente a los \u2018panas\u2019 y esbirros! Luego de que se anunciara enf\u00e1ticamente que no se admitir\u00edan m\u00e1s candidatos para concejal\u00edas rurales, \u00a1c\u00f3mo no iba a sorprenderme de encontrar finalmente a Dennecy Trujillo como candidata, elegida de la noche a la ma\u00f1ana!<br \/>\nLuego, para la publicaci\u00f3n de resultados se dieron largas, hasta que el plazo ordenado por el Consejo Nacional Electoral estuviera demasiado cerca como para que pudiera cambiarse el tablero que hab\u00edan armado a gusto y sabor.<br \/>\nMucha gente tuvo intenciones de quejarse, apelar, reclamar sus derechos. Incluso alguna tarde, una turba enfurecida estuvo a punto de tirar abajo la verja que protege la entrada del local de la Shyris. Pero la mayor\u00eda prefiri\u00f3 evitar problemas y aguantar en silencio la farsa de las elecciones primarias, que en absoluto fueron democr\u00e1ticas porque PARA NADA se consult\u00f3 a las \u201cbases\u201d sobre qu\u00e9 candidatos quer\u00edan designar para cada una de las dignidades. Siempre se eligi\u00f3 a dedo y desde arriba, como en los peores d\u00edas de Bucaram o Guti\u00e9rrez e incluso a\u00fan peor, porque todo se disfraz\u00f3 tras la m\u00e1scara de una \u201crevoluci\u00f3n ciudadana\u201d cuyo ideal a la mayor\u00eda importaba un pepino. S\u00f3lo se busc\u00f3 acomodar a las personas precisas en los lugares correctos, me pregunto con qu\u00e9 fines. Yo logr\u00e9 entender a tiempo que estaba convirti\u00e9ndome en un sinverg\u00fcenza igual o peor que aquellos a quienes criticaba, en busca de ganar por aplastar al contendor, perdiendo de vista el objetivo de cambiar un pa\u00eds que avanza indefectiblemente hacia el caos y en espera de que cualquier naci\u00f3n mejor organizada, la someta para siempre.<br \/>\nHasta aqu\u00ed el relato. Muchos se preguntar\u00e1n por qu\u00e9 llamar a esta una Cr\u00f3nica de la Revoluci\u00f3n Ciudadana, si en realidad es una cr\u00f3nica de un proceso particular dentro de un universo m\u00e1s grande (ni siquiera he hablado de los candidatos a Asamble\u00edstas, por ejemplo, y mucho menos de la enorme cantidad de estructuras filos\u00f3ficas, econ\u00f3micas, culturales y otras que deber\u00edan analizarse para tener una visi\u00f3n de conjunto del gobierno y sus supuestos planes socialistas). \u00bfPor qu\u00e9 el \u201cproceso de las primarias\u201d (\u00a1Vaya proceso!) bastar\u00eda para definir una revoluci\u00f3n anunciada a todo bombo, sin considerar todo lo dicho?<br \/>\nPrimero, el Presidente Correa pudo haber cambiado la historia del Ecuador, si lideraba e impon\u00eda entre sus \u201cSecretariados\u201d del Movimiento Pa\u00eds un aut\u00e9ntico proceso de cambios, de abajo hacia arriba y hacia la izquierda, no hacia el centro-izquierda. M\u00e1xime con el enorme poder del estado dentro de una estructura pol\u00edtica.<br \/>\nDe hecho, la capacidad de llegar hasta los m\u00e1s alejados confines de la patria con un programa de capacitaci\u00f3n pol\u00edtica que ofreciera a quienes quisieran adherirse al Movimiento, adem\u00e1s de participaci\u00f3n DIRECTA en la selecci\u00f3n de sus candidatos, soluciones de vida y proyectos que \u201cles ense\u00f1en a pescar, no a recibir limosnas\u201d, en una estrategia que coordine planes y proyectos gubernamentales con iniciativas locales, habr\u00eda aportado aut\u00e9nticos \u201csoldados de la revoluci\u00f3n\u201d. Pero se prefiri\u00f3 la populista d\u00e1diva porque, es evidente ahora, NUNCA fue la idea iniciar una revoluci\u00f3n: se pretende mantener al pueblo in\u00fatil, indefenso e ignorante.<br \/>\nSegundo, la actitud permanente de un hombre que NO TUVO la madurez necesaria para asimilar con prudencia y sabidur\u00eda los incesantes halagos, lisonjas, requiebros y arrumacos de la canalla que golosamente rodea a los mandatarios, ha terminado por fastidiar a quienes no saben del grave escenario pol\u00edtico en el que sus lugartenientes son caciques de sus respectivos feudos.<br \/>\nLa gente com\u00fan ignora los tejes y manejes pol\u00edticos en su profundidad, pero entienden a simple vista su arrogancia y la contrastan con algo que no puede faltar en ning\u00fan hogar: trabajo remunerado, que simplemente no hay. Su actitud evidencia a ojos vista su \u201cborrachera de poder\u201d y eso cualquier persona con ojos puede notarlo.<br \/>\nPero tambi\u00e9n est\u00e1n los simpatizantes del M. Pa\u00eds, que al no poder desquitarse de tanta injusticia desde adentro y menos corregirla, lanzaron a cuatro vientos toda la corrupci\u00f3n y componendas que presenciaron, con el objetivo primario de la venganza, y el secundario (en algunos casos), de impedir que siga adelante una farsa tan escandalosa.<br \/>\nEsto \u00faltimo me consta, pues TODOS los descontentos, al preguntarles, me respondieron que hab\u00edan comentado con su familia y amigos lo que pas\u00f3 EN REALIDAD en el Movimiento Pa\u00eds, lo que sin duda ha creado descontento y ante todo DESILUSI\u00d3N entre la gente com\u00fan.<br \/>\nEl proceso de Primarias, por lo sucio, turbulento y demag\u00f3gico, sepult\u00f3 a la Revoluci\u00f3n Ciudadana, y con ella al gobierno actual, que detr\u00e1s de s\u00ed se llev\u00f3 dolorosamente las esperanzas de millones de ecuatorianos que confiamos en ese proyecto pol\u00edtico, del que se apropi\u00f3 injustamente Alianza Pa\u00eds.<br \/>\nSin duda no est\u00e1n todos los que son, pero para el caso puntual que quise mostrar a manera de ejemplo en la cr\u00f3nica anterior, del entorno que viv\u00ed, es suficiente, porque se replic\u00f3 en toda la geograf\u00eda nacional de una u otra manera, siempre con id\u00e9ntico resultado: mayor corrupci\u00f3n que la de antes, porque, como siempre, se apel\u00f3 a aquello de \u201cHecha la ley, hecha la trampa\u201d.<\/p>\n<p>Finalmente me pregunto:<\/p>\n<ul>\n<li>\u00bfEs culpa del gobierno todo lo ocurrido?<\/li>\n<\/ul>\n<ul>\n<li>\u00bfSe puede acusar insensatamente a un solo gobierno de todos los males de la naci\u00f3n e intentar tumbarlo, pretendiendo con ello acabar con todos nuestros males?<\/li>\n<\/ul>\n<ul>\n<li>\u00bfEs l\u00edcito pensar que debemos volver a \u201crefundar\u201d la naci\u00f3n a partir de cada nuevo gobierno?<\/li>\n<\/ul>\n<ul>\n<li>Por un lado en nuestra regi\u00f3n costanera, y en especial en Guayaquil, el ego\u00edsmo, los complejos de inferioridad y la codicia de poder de sus l\u00edderes han mantenido a la gente ignorante y relegada, ense\u00f1\u00e1ndole que luego del dinero est\u00e1 el origen \u00e9tnico (hay que ser blanco y bigot\u00f3n para ser jefe), y luego de ello, de mala gana, est\u00e1 el ser humano, entendido como integrante de una sociedad piramidal y llena de prejuicios. En consecuencia, los cholos van al \u00faltimo y un auto deportivo vale m\u00e1s que una manada de ellos. El ser humano no importa: \u00a1No sirve para nada! La pregunta es: \u00bfHasta qu\u00e9 punto hemos llegado a entendernos como naci\u00f3n, si ni siquiera nos reconocemos (y menos valoramos) hist\u00f3ricamente? Un ejemplo es el caso que menciona Juan Paz y Mi\u00f1o en su art\u00edculo \u201c\u00bfCu\u00e1l es la fecha nacional?\u201d[1]<\/li>\n<\/ul>\n<ul>\n<li>Por otro lado est\u00e1 la estrechez de visi\u00f3n de la serran\u00eda, que se circunscribe estrictamente a su entorno inmediato, mirando a lo sumo, como gran cosa, al pa\u00eds en su conjunto. Me refiero a que no existe una cosmovisi\u00f3n ni en los pol\u00edticos, \u00a1ni en nadie! Los pocos que miran el conjunto universal de la humanidad desde la perspectiva econ\u00f3mica (de negocios o como modo productivo), cultural o de cualquier otro tipo, son tildados de engre\u00eddos, igual que aquellos que tienen la suficiente autoestima para producir y lograr productos intelectuales de cualquier tipo. El viejo chiste de la olla de cangrejos: nadie puede salirse de este purgatorio, porque si lo intentan le jalan de vuelta hacia abajo. La pregunta es: \u00bfHasta cu\u00e1ndo abrimos los ojos de la inteligencia y nos dejamos de prejuicios y envidias negras?<\/li>\n<\/ul>\n<p>No depende de movimientos ni de partidos ni de revoluciones: somos nosotros. Es nuestra actitud. Cualquier revoluci\u00f3n se ir\u00e1 al traste si no ponemos el alma en ella, y dejamos el ego\u00edsmo primitivo.<\/p>\n<p>Todo lo anterior es elemento de juicio suficiente para diagnosticar una revoluci\u00f3n que nunca lo fue. Pero sirve adem\u00e1s para temblar ante el mediato futuro, considerando la desilusi\u00f3n, por en\u00e9sima vez, de un pueblo que so\u00f1\u00f3 con un cambio, que necesitaba de ejemplos para dejar la indiferencia, la tradicional apat\u00eda, para convertirse en un actor m\u00e1s de la revoluci\u00f3n, por su patria, por su familia, por sus hijos e hijas, por su propia liberaci\u00f3n. La lucha debe continuar.<\/p>\n<p>&#8212;&#8211;<\/p>\n<p class=\"MsoNormal\" style=\"text-align:justify;line-height:normal;\"><span style=\"font-size:12pt;font-family:&amp;\" lang=\"ES-EC\">[1] <a href=\"http:\/\/unidadsiporelcambio.wordpress.com\/2009\/03\/23\/juan-paz-y-mino-%c2%bfcual-es-la-fecha-nacional\/\">\u00bfCu\u00e1l es la Fecha Nacional?<\/a> de  Juan Paz y Mi\u00f1o<\/span><span style=\"font-size:12pt;font-family:&amp;\"><a href=\"http:\/\/politicaysociedad.com\/juan-paz-y-mino-cual-es-la-fecha-nacional\/\"><\/a><\/span><\/p>\n","protected":false},"excerpt":{"rendered":"<p>&#8230;\u00bbLa gente com\u00fan ignora los tejes y manejes pol\u00edticos en su profundidad, pero entienden a simple vista su arrogancia y la contrastan con algo que no puede faltar en ning\u00fan hogar: trabajo remunerado, \u00ab&#8230;<\/p>\n","protected":false},"author":1,"featured_media":0,"comment_status":"open","ping_status":"open","sticky":false,"template":"","format":"standard","meta":{"footnotes":""},"categories":[7],"tags":[80,227,316,359,382,443,477,794,966,974,1051,1090,1183,1428,1484,1572,1688],"class_list":["post-1574","post","type-post","status-publish","format-standard","hentry","category-general","tag-alianza-pais","tag-borrachera-de-poder","tag-chiste-de-la-olla-de-cangrejos","tag-comite-pro-mejoras","tag-conocoto","tag-cronica","tag-dennecy-trujillo","tag-guayaquil","tag-juan-paz-y-mino","tag-junta-parroquial","tag-luis-alberto-mendieta","tag-maria-jose-carrion","tag-movimiento-pais","tag-racismo","tag-revolucion-ciudadana","tag-socialismo","tag-valle-de-los-chillos"],"blocksy_meta":[],"_links":{"self":[{"href":"https:\/\/politicaysociedad.com\/index.php\/wp-json\/wp\/v2\/posts\/1574","targetHints":{"allow":["GET"]}}],"collection":[{"href":"https:\/\/politicaysociedad.com\/index.php\/wp-json\/wp\/v2\/posts"}],"about":[{"href":"https:\/\/politicaysociedad.com\/index.php\/wp-json\/wp\/v2\/types\/post"}],"author":[{"embeddable":true,"href":"https:\/\/politicaysociedad.com\/index.php\/wp-json\/wp\/v2\/users\/1"}],"replies":[{"embeddable":true,"href":"https:\/\/politicaysociedad.com\/index.php\/wp-json\/wp\/v2\/comments?post=1574"}],"version-history":[{"count":0,"href":"https:\/\/politicaysociedad.com\/index.php\/wp-json\/wp\/v2\/posts\/1574\/revisions"}],"wp:attachment":[{"href":"https:\/\/politicaysociedad.com\/index.php\/wp-json\/wp\/v2\/media?parent=1574"}],"wp:term":[{"taxonomy":"category","embeddable":true,"href":"https:\/\/politicaysociedad.com\/index.php\/wp-json\/wp\/v2\/categories?post=1574"},{"taxonomy":"post_tag","embeddable":true,"href":"https:\/\/politicaysociedad.com\/index.php\/wp-json\/wp\/v2\/tags?post=1574"}],"curies":[{"name":"wp","href":"https:\/\/api.w.org\/{rel}","templated":true}]}}