{"id":1301,"date":"2009-02-20T12:31:18","date_gmt":"2009-02-20T17:31:18","guid":{"rendered":"http:\/\/unidadsiporelcambio.wordpress.com\/?p=1301"},"modified":"2009-02-20T12:31:18","modified_gmt":"2009-02-20T17:31:18","slug":"luis-alberto-mendieta-forajidos","status":"publish","type":"post","link":"https:\/\/politicaysociedad.com\/index.php\/2009\/02\/20\/luis-alberto-mendieta-forajidos\/","title":{"rendered":"Luis Alberto Mendieta: La Revoluci\u00f3n Ciudadana desde adentro: Una cr\u00f3nica necesaria. II"},"content":{"rendered":"<p class=\"MsoNormal\" style=\"text-align: justify;\"><span lang=\"ES-EC\"><strong>I. Los Forajidos<\/strong><\/span><\/p>\n<p class=\"MsoNormal\" style=\"text-align: justify;\"><span lang=\"ES-EC\">A ver: En realidad todo empez\u00f3 (para m\u00ed) en cuanto el gobierno del Presidente Correa tom\u00f3 posesi\u00f3n del Gobierno Nacional. Mis esperanzas, debo reconocerlo, fueron muchas y encontr\u00e9 en \u00e9l al individuo que tanto ped\u00eda la gente: un hombre resuelto, noble y talentoso, al que no le tiemble el pulso a la hora de tomar decisiones, por duras que sean, dentro del contexto de la Revoluci\u00f3n Ciudadana.<\/span><\/p>\n<p class=\"MsoNormal\" style=\"text-align: justify;\"><span lang=\"ES-EC\"><a href=\"http:\/\/politicaysociedad.com\/wp-content\/uploads\/2009\/02\/quitomanifestacion050420.jpg\"><img loading=\"lazy\" decoding=\"async\" class=\"alignleft size-full wp-image-1293\" title=\"quitomanifestacion050420\" src=\"http:\/\/politicaysociedad.com\/wp-content\/uploads\/2009\/02\/quitomanifestacion050420.jpg\" alt=\"quitomanifestacion050420\" width=\"318\" height=\"207\" \/><\/a>Esta revoluci\u00f3n, a mi parecer es algo m\u00e1s que un eslogan de campa\u00f1a, porque ven\u00eda yo de un proceso pol\u00edtico urbano, conocido como las Asambleas Territoriales de Quito, c\u00e9lebres en el bajo mundo de coroneles \u201cmejores amigos\u201d de presidentes extranjeros y la prensa vendida de siempre. Los llamaban, como sabemos, Forajidos. Gente que los canales de televisi\u00f3n se obstinaron en mantener bajo tierra para evitar cambiar el <em>statu quo, <\/em>que finalmente cambi\u00f3, para su despecho. Es all\u00ed donde empez\u00f3 a gestarse la verdadera Revoluci\u00f3n Ciudadana, de manera ca\u00f3tica e inmadura sin duda, \u00a1pero hab\u00eda que ver el fervor de esa gente! <\/span><\/p>\n<p class=\"MsoNormal\" style=\"text-align: justify;\"><span lang=\"ES-EC\">Llenaban salones enteros toda clase de intelectuales, profesionales diversos, pol\u00edticos de barrio, vecinas curiosas, gente de derecha\u2026 hab\u00eda de todo sin duda. Unos en sincera b\u00fasqueda de un cambio, y la mayor\u00eda por ver si se pod\u00eda pescar algo a r\u00edo revuelto.<\/span><\/p>\n<p class=\"MsoNormal\" style=\"text-align: justify;\"><span lang=\"ES-EC\">\u00a1Y vaya <em>ust\u00e9<\/em> a ver esos discursos! Inflamados de patriotismo, de esperanzas de cambio. Incluso pod\u00eda percibirse en el ambiente cierto consenso en la voluntad de cambiar la patria a como d\u00e9 lugar, lo cual estremec\u00eda a algunos, que esperaban y esperan la revoluci\u00f3n tom\u00e1ndose un cafecito, una lucha social que no les cree la m\u00e1s m\u00ednima incomodidad. <\/span><\/p>\n<p class=\"MsoNormal\" style=\"text-align: justify;\"><span lang=\"ES-EC\">Poco a poco empezaron a juntarse viejos revolucionarios de 20 o m\u00e1s a\u00f1os de lucha, intuyendo que esta era la ocasi\u00f3n que tan largamente hab\u00edan esperado\u2026 Por mi parte, acababa de estrenarme como revolucionario, as\u00ed que ignoraba los famosos <em>tejes y manejes<\/em> pol\u00edticos de siempre, tan repugnantes en casos como el de Mahauad (\u00bfas\u00ed se escribe?), Abdal\u00e1 Bucaram y Fabi\u00e1n Alarc\u00f3n, este \u00faltimo la bazofia m\u00e1s impoluta de este tr\u00edo de\u2026 ex-presidentes. <\/span><\/p>\n<p class=\"MsoNormal\" style=\"text-align: justify;\"><span lang=\"ES-EC\">Creo que el asco de todos los acontecimientos pol\u00edticos pasados fue lo que me impuls\u00f3 a perseverar en esa causa, sintiendo que si quer\u00eda ver cambios reales en este pa\u00eds, tendr\u00eda que hacerlos con mis propias manos. Las manifestaciones y la lucha en las calles fueron algo de otro mundo, inolvidable. Algo muy parecido a una verdadera revoluci\u00f3n social. Me acord\u00e9 de mis viejos d\u00edas de revoltoso, por el alza de pasajes en el colegio.<\/span><\/p>\n<p class=\"MsoNormal\" style=\"text-align: justify;\"><span lang=\"ES-EC\">Era evidente la carencia de soporte intelectual, aunque precisamente por eso se realizaban reuniones con frecuencia, para construir la plataforma ideol\u00f3gica que viabilice la revoluci\u00f3n asamblearia, pero entre tanto discurso emocionado y sus respectivas r\u00e9plicas y contrarr\u00e9plicas el tiempo pasaba y no se aterrizaba en concreciones, aunque en general los aportes eran valiosos y aprend\u00ed much\u00edsimo, especialmente de la naturaleza humana, con su impresionante nobleza, y su escatol\u00f3gica miseria. All\u00ed conoc\u00ed que tambi\u00e9n existe la envidia pol\u00edtica, como una maligna variante de la envidia vulgar, de tal modo que llegu\u00e9 a pensar que de verdad existe el diablo, porque se las ingenia para meter sus pecados capitales en los sitios m\u00e1s inesperados. Era como verlo brincar de alma en alma, al calor de los discursos, atizando entre carcajadas burlonas los sentimientos de las gentes. Todo un infierno de Dante.<\/span><\/p>\n<p class=\"MsoNormal\" style=\"text-align: justify;\"><span lang=\"ES-EC\">Por otro lado estaba la continua lucha contra las \u201cratas del congreso\u201d, que a ratos nos emocionaba por la enorme simpat\u00eda que levantaba en el pueblo quite\u00f1o y en todo el pa\u00eds. Los plantones, las marchas, los intentos de meterse a la brava al Sal\u00f3n del Pleno para sacar a patadas a los \u00abhonorables\u00bb, hac\u00edan realmente entretenida la lucha en las calles. Pero no s\u00f3lo de diversi\u00f3n vive el revolucionario.<\/span><\/p>\n<p class=\"MsoNormal\" style=\"text-align: justify;\"><span lang=\"ES-EC\">Finalmente, el fervor c\u00edvico fue extingui\u00e9ndose, como suele ocurrir con las multitudes (ya lo anotaba Macchiavello en su Discurso sobre Tito Livio), y ante la falta de medios para mantener un impulso sostenido, adem\u00e1s de la insistencia en alejarse de mecanismos tradicionales de acci\u00f3n de organigrama vertical (all\u00ed nadie mandaba oficialmente, pues se deploraba el sistema socio-econ\u00f3mico en general y todo se hac\u00eda por consenso, es decir de manera horizontal, lo que implicaba graves problemas al momento de tomar decisiones profundas), el ritmo fue decayendo. Nadie quiso o\u00edr siquiera de lanzarse en pos del desarrollo de proyectos econ\u00f3micos, que dieran sustentabilidad al proyecto pol\u00edtico y de manera especial dieran de comer (mi mujer ya no quiere dejarme entrar si no llego con el pan y la leche, dijo alguna vez alg\u00fan compa\u00f1ero, en tono de broma pero con franca intencionalidad) a quienes quisieran mantenerse de manera constante en \u00e9l, de modo que ante la falta de viabilidad, el entusiasmo fue menguando hasta que por \u00faltimo s\u00f3lo un pu\u00f1ado de convencidos tuvo que reconocer que ese no fue el camino correcto y hasta all\u00ed la historia, a d\u00eda de hoy. Y aunque se argumente lo contrario, la verdad es esa, porque los resultados est\u00e1n a la vista. <\/span><\/p>\n<p class=\"MsoNormal\" style=\"text-align: justify;\"><span lang=\"ES-EC\">El caso es que cierto pesimismo inicial que hab\u00eda mantenido, previo a las elecciones presidenciales, se convirti\u00f3 de este modo, no puedo negarlo, en franco entusiasmo, porque en definitiva cuenta, se hab\u00eda alcanzado el poder (dec\u00eda yo) y fue as\u00ed como decid\u00ed integrarme al Movimiento Pa\u00eds, porque sent\u00ed que esta vez s\u00ed pod\u00eda cambiar, como pens\u00e9 al enrolarme en las Asambleas, con mis propias manos todo lo que estaba fallando. Sent\u00eda que la lucha de las asambleas urbanas era ni m\u00e1s ni menos que el pre\u00e1mbulo de la Revoluci\u00f3n Ciudadana: que todo el tiempo empleado en reuniones, talleres, conversatorios, intentonas de meternos al Congreso y tal, fue bien empleado. Conclu\u00ed que la Revoluci\u00f3n Ciudadana se empez\u00f3 a gestar con aquello que llaman pomposamente \u201cla revoluci\u00f3n de los forajidos\u201d, que en realidad, hay que decirlo, fue una revuelta, una conmoci\u00f3n social, pero no una revoluci\u00f3n. La verdadera revoluci\u00f3n, me relam\u00eda pensando, acaba de empezar. Y a\u00fan lo creo. Pero al parecer los actores no ser\u00e1n los que imagin\u00e9 en aqu\u00e9l tiempo.<\/span><\/p>\n<p class=\"MsoNormal\" style=\"text-align: justify;\"><a href=\"http:\/\/politicaysociedad.com\/?p=1287\">1ra. Parte<\/a><\/p>\n<p><a href=\"http:\/\/politicaysociedad.com\/?p=1335\">3ra. Parte<\/a><\/p>\n<p><a href=\"http:\/\/politicaysociedad.com\/?p=1433\">4ta. Parte<\/a><\/p>\n","protected":false},"excerpt":{"rendered":"<p>.\u00bbLlenaban salones enteros toda clase de intelectuales, profesionales diversos, pol\u00edticos de barrio, vecinas curiosas, gente de derecha\u2026 hab\u00eda de todo sin duda. Unos en sincera b\u00fasqueda de un cambio, y la mayor\u00eda por ver si se pod\u00eda pescar algo a r\u00edo revuelto.\u00bb&#8230;<\/p>\n","protected":false},"author":1,"featured_media":0,"comment_status":"open","ping_status":"open","sticky":false,"template":"","format":"standard","meta":{"footnotes":""},"categories":[16],"tags":[40,234,284,409,651,652,696,835,1051,1063,1069,1078,1183,1367,1486,1634],"class_list":["post-1301","post","type-post","status-publish","format-standard","hentry","category-politica","tag-acuerdo-pais","tag-bucaram","tag-carondelet","tag-correa","tag-fabian-alarcon","tag-fabiolo","tag-forajidos","tag-historia-ecuador","tag-luis-alberto-mendieta","tag-macchiavello","tag-mahuad","tag-maquiavelo","tag-movimiento-pais","tag-politica-ecuador","tag-revolucion-de-los-forajidos","tag-tito-livio"],"blocksy_meta":[],"_links":{"self":[{"href":"https:\/\/politicaysociedad.com\/index.php\/wp-json\/wp\/v2\/posts\/1301","targetHints":{"allow":["GET"]}}],"collection":[{"href":"https:\/\/politicaysociedad.com\/index.php\/wp-json\/wp\/v2\/posts"}],"about":[{"href":"https:\/\/politicaysociedad.com\/index.php\/wp-json\/wp\/v2\/types\/post"}],"author":[{"embeddable":true,"href":"https:\/\/politicaysociedad.com\/index.php\/wp-json\/wp\/v2\/users\/1"}],"replies":[{"embeddable":true,"href":"https:\/\/politicaysociedad.com\/index.php\/wp-json\/wp\/v2\/comments?post=1301"}],"version-history":[{"count":0,"href":"https:\/\/politicaysociedad.com\/index.php\/wp-json\/wp\/v2\/posts\/1301\/revisions"}],"wp:attachment":[{"href":"https:\/\/politicaysociedad.com\/index.php\/wp-json\/wp\/v2\/media?parent=1301"}],"wp:term":[{"taxonomy":"category","embeddable":true,"href":"https:\/\/politicaysociedad.com\/index.php\/wp-json\/wp\/v2\/categories?post=1301"},{"taxonomy":"post_tag","embeddable":true,"href":"https:\/\/politicaysociedad.com\/index.php\/wp-json\/wp\/v2\/tags?post=1301"}],"curies":[{"name":"wp","href":"https:\/\/api.w.org\/{rel}","templated":true}]}}