{"id":1287,"date":"2009-02-18T18:18:08","date_gmt":"2009-02-18T23:18:08","guid":{"rendered":"http:\/\/unidadsiporelcambio.wordpress.com\/?p=1287"},"modified":"2009-02-18T18:18:08","modified_gmt":"2009-02-18T23:18:08","slug":"luis-alberto-mendieta-intro","status":"publish","type":"post","link":"https:\/\/politicaysociedad.com\/index.php\/2009\/02\/18\/luis-alberto-mendieta-intro\/","title":{"rendered":"Luis Alberto Mendieta: La Revoluci\u00f3n Ciudadana desde adentro: Una cr\u00f3nica necesaria. I"},"content":{"rendered":"<p class=\"MsoNormal\" style=\"text-align: justify;\"><strong>Introducci\u00f3n.-<\/strong><\/p>\n<p class=\"MsoNormal\" style=\"text-align: justify;\"><span lang=\"ES-EC\">Hay veces en que el respeto a la \u00edndole personal es intolerable y hasta peligroso, en especial cuando los intereses de un peque\u00f1o grupo afectan a una gran mayor\u00eda. Ha ocurrido siempre, y de seguro continuar\u00e1 ocurriendo mientras nuestra especie habite sobre la faz del planeta, porque la primitiva condici\u00f3n humana exige la satisfacci\u00f3n de necesidades personales sin importar las del resto, y hay casos en los que la condici\u00f3n de algunas personas es mucho m\u00e1s \u201chumana\u201d que la de los dem\u00e1s.<\/span><\/p>\n<p class=\"MsoNormal\" style=\"text-align: justify;\"><span lang=\"ES-EC\">Todo empez\u00f3 la noche del 15 de octubre de 2008, fecha en que se public\u00f3 el \u201cReglamento para las Elecciones Primarias\u201d del Movimiento Pa\u00eds. Tome nota, estimado lector o lectora, porque ese d\u00eda, en mi opini\u00f3n, marca un hito pol\u00edtico que permitir\u00e1 comprender la profundidad y jerarqu\u00eda de hechos que parecieran tener nada m\u00e1s una importancia pasajera.<\/span><\/p>\n<p class=\"MsoNormal\">Pero para llegar hasta ese punto es necesario mirar en retrospectiva todo los hechos, en la secuencia en que ocurrieron, tal como los viv\u00ed.<\/p>\n<p class=\"MsoNormal\" style=\"text-align: justify;\">No se trata de impresionar a nadie. Simplemente quiero publicar una cr\u00f3nica, necesaria sin duda, de alguien que vivi\u00f3 el proceso hasta finalizar las Elecciones Primarias. \u00bfPor qu\u00e9 afirmo que miro la Revoluci\u00f3n desde adentro? Porque en realidad la viv\u00ed desde adentro. No quiero decir que haya estado en Carondelet como <em>Pedro por su casa<\/em>, enter\u00e1ndome de los pormenores del ejercicio del poder. Al contrario, lo que quiero mostrar es simplemente una breve bit\u00e1cora de un revolucionario de a pie, que pretende cambiar a todo un pa\u00eds con nada m\u00e1s la fuerza de su convicci\u00f3n personal, adem\u00e1s de mucho af\u00e1n, tenacidad y persistencia, y que muchas veces se sinti\u00f3 tentado a claudicar. Esta memoria se cuenta mirando desde abajo de la tarima, desde atr\u00e1s del escenario: el mejor lugar para conocer an\u00f3nimamente los detalles gratos o escabrosos de cualquier espect\u00e1culo, porque a los espectadores siempre se les muestra el vestuario m\u00e1s vistoso, las modelos m\u00e1s despampanantes, evitando que el payaso ebrio se suba al proscenio, cubriendopudorosamente la ca\u00edda del corpi\u00f1o de la actriz en ejercicio con oportunos desvanecimientos de luz\u2026<\/p>\n<p class=\"MsoNormal\" style=\"text-align: justify;\">\u00bfPara qu\u00e9 esta cr\u00f3nica? \u00bfOdio destructivo? \u00bfB\u00fasqueda irracional de venganza? \u00bfFuriosa impotencia? \u00bfAdolescencia pol\u00edtica? Por supuesto que no.<\/p>\n<p class=\"MsoNormal\" style=\"text-align: justify;\">De hecho, a\u00fan no he empezado y a muchos lectores no habr\u00e1 sorprendido que cuente impl\u00edcitamente el desenlace de la historia con los interrogantes previos, lo que no quita en lo absoluto inter\u00e9s al relato, por la raz\u00f3n de que es m\u00e1s fascinante conocer los entretelones, puesto que la mayor\u00eda sabe perfectamente que el proceso no s\u00f3lo adoleci\u00f3 de humanos errores, sino que fue mucho m\u00e1s all\u00e1.<\/p>\n<p class=\"MsoNormal\" style=\"text-align: justify;\">Simplemente quiero mostrar esta experiencia particular de mis primeros pasos en la pol\u00edtica, que como se ver\u00e1, afortunadamente no son muchos, si se la mira desde la lente pragm\u00e1tica de aquello que suelen llamar, apostrofando a Macchiavello<sup>1<\/sup>, maquiavelismo. Digo afortunadamente porque as\u00ed me ha sido posible mirar sin prejuicios cada acontecimiento, en calidad de \u00abcompa\u00f1erito de las bases\u00bb. Y la idea al publicar esta relaci\u00f3n es mostrar a quien quiera saberlo, una panor\u00e1mica general de lo que es la pol\u00edtica actualmente en mi pa\u00eds, con la finalidad de NO volver a cometer los mismos errores, o al menos de desnudar algo que est\u00e1 innecesariamente semioculto.<\/p>\n<p class=\"MsoNormal\" style=\"text-align: justify;\">Empezar\u00e9 con el pre\u00e1mbulo de la Revoluci\u00f3n de los Forajidos, porque en realidad es all\u00ed donde comienza esta historia.<\/p>\n<p class=\"MsoNormal\" style=\"text-align: justify;\"><a href=\"http:\/\/unidadsiporelcambio.files.wordpress.com\/2009\/02\/forajidos1.jpg\"><img loading=\"lazy\" decoding=\"async\" class=\"aligncenter size-full wp-image-1305\" title=\"forajidos1\" src=\"http:\/\/unidadsiporelcambio.files.wordpress.com\/2009\/02\/forajidos1.jpg\" alt=\"forajidos1\" width=\"450\" height=\"337\" \/><\/a><\/p>\n<p class=\"MsoNormal\" style=\"text-align: justify;\"><sup>1<\/sup> \u00c9l, como se sabe, simplemente mostr\u00f3 sin hipocres\u00edas las pr\u00e1cticas pol\u00edticas de su tiempo.<\/p>\n<p class=\"MsoNormal\" style=\"text-align: justify;\"><a href=\"http:\/\/politicaysociedad.com\/?p=1301\">2da. Parte<\/a><\/p>\n<p class=\"MsoNormal\" style=\"text-align: justify;\"><a href=\"http:\/\/politicaysociedad.com\/?p=1335\">3ra. Parte<\/a><\/p>\n<p class=\"MsoNormal\" style=\"text-align: justify;\"><a href=\"http:\/\/politicaysociedad.com\/?p=1433\">4ta. Parte<\/a><\/p>\n","protected":false},"excerpt":{"rendered":"<p>&#8230;\u00bbEsta memoria se cuenta mirando desde abajo de la tarima, desde atr\u00e1s del escenario: el mejor lugar para conocer an\u00f3nimamente los detalles gratos o escabrosos de cualquier espect\u00e1culo, porque a los espectadores siempre se les muestra el vestuario m\u00e1s vistoso, las modelos m\u00e1s despampanantes, evitando que el payaso ebrio se suba al proscenio,\u00bb&#8230;<\/p>\n","protected":false},"author":1,"featured_media":0,"comment_status":"open","ping_status":"open","sticky":false,"template":"","format":"standard","meta":{"footnotes":""},"categories":[16],"tags":[40,234,284,409,651,652,696,835,1051,1063,1069,1078,1183,1367,1486,1634],"class_list":["post-1287","post","type-post","status-publish","format-standard","hentry","category-politica","tag-acuerdo-pais","tag-bucaram","tag-carondelet","tag-correa","tag-fabian-alarcon","tag-fabiolo","tag-forajidos","tag-historia-ecuador","tag-luis-alberto-mendieta","tag-macchiavello","tag-mahuad","tag-maquiavelo","tag-movimiento-pais","tag-politica-ecuador","tag-revolucion-de-los-forajidos","tag-tito-livio"],"blocksy_meta":[],"_links":{"self":[{"href":"https:\/\/politicaysociedad.com\/index.php\/wp-json\/wp\/v2\/posts\/1287","targetHints":{"allow":["GET"]}}],"collection":[{"href":"https:\/\/politicaysociedad.com\/index.php\/wp-json\/wp\/v2\/posts"}],"about":[{"href":"https:\/\/politicaysociedad.com\/index.php\/wp-json\/wp\/v2\/types\/post"}],"author":[{"embeddable":true,"href":"https:\/\/politicaysociedad.com\/index.php\/wp-json\/wp\/v2\/users\/1"}],"replies":[{"embeddable":true,"href":"https:\/\/politicaysociedad.com\/index.php\/wp-json\/wp\/v2\/comments?post=1287"}],"version-history":[{"count":0,"href":"https:\/\/politicaysociedad.com\/index.php\/wp-json\/wp\/v2\/posts\/1287\/revisions"}],"wp:attachment":[{"href":"https:\/\/politicaysociedad.com\/index.php\/wp-json\/wp\/v2\/media?parent=1287"}],"wp:term":[{"taxonomy":"category","embeddable":true,"href":"https:\/\/politicaysociedad.com\/index.php\/wp-json\/wp\/v2\/categories?post=1287"},{"taxonomy":"post_tag","embeddable":true,"href":"https:\/\/politicaysociedad.com\/index.php\/wp-json\/wp\/v2\/tags?post=1287"}],"curies":[{"name":"wp","href":"https:\/\/api.w.org\/{rel}","templated":true}]}}