{"id":1042,"date":"2009-01-26T20:32:24","date_gmt":"2009-01-27T01:32:24","guid":{"rendered":"http:\/\/unidadsiporelcambio.wordpress.com\/?p=1042"},"modified":"2009-01-26T20:32:24","modified_gmt":"2009-01-27T01:32:24","slug":"juan-j-paz-y-mino-cepeda-deuda-ilegitima-ayer-y-hoy-7-final","status":"publish","type":"post","link":"https:\/\/politicaysociedad.com\/index.php\/2009\/01\/26\/juan-j-paz-y-mino-cepeda-deuda-ilegitima-ayer-y-hoy-7-final\/","title":{"rendered":"Juan Paz y Mi\u00f1o: Deuda ileg\u00edtima: ayer y hoy (y 7)"},"content":{"rendered":"<p><a href=\"http:\/\/unidadsiporelcambio.files.wordpress.com\/2008\/11\/image002.gif\"><img loading=\"lazy\" decoding=\"async\" class=\"alignleft size-full wp-image-483\" title=\"pazymino\" src=\"http:\/\/unidadsiporelcambio.files.wordpress.com\/2008\/11\/image002.gif\" alt=\"pazymino\" width=\"143\" height=\"71\" \/><\/a>El Consejo Supremo de Gobierno (1976-1979) inici\u00f3 el \u201cagresivo endeudamiento externo\u201d en 1976. Ese a\u00f1o el saldo de la deuda p\u00fablica ascendi\u00f3 a 1.175 millones de d\u00f3lares. Para 1979, cuando se iniciaron los gobiernos constitucionales, el saldo de la deuda p\u00fablica alcanz\u00f3 los 3.686 millones. En adelante siempre creci\u00f3. El pico m\u00e1s alto se alcanz\u00f3 en 1999, cuando lleg\u00f3 a 17.124 millones con el gobierno de Jamil Mahuad (1998-2000). En el 2006 era de 14.246 millones de d\u00f3lares.<\/p>\n<p>En 1982 estall\u00f3 la crisis de la deuda. Entre 1984-1988 otra desgracia: el gobierno de Le\u00f3n Febres Cordero y desde entonces el afianzamiento de un modelo econ\u00f3mico dependiente del capital financiero transnacional, condicionado por el FMI, orientado por el \u201cneoliberalismo\u201d, sujeto a los intereses de las c\u00e1maras de la producci\u00f3n, promotor del mercado libre y, sobre todo, vinculado al poder olig\u00e1rquico. Ese modelo se consolid\u00f3 con el gobierno de Sixto Dur\u00e1n Ball\u00e9n (1992-1996). Y en los siguientes diez a\u00f1os se reforz\u00f3 junto a la crisis gubernamental, pues se sucedieron siete gobiernos, un intento dictatorial y los \u00fanicos tres presidentes electos (Abdala Bucaram, Jamil Mahuad y Lucio Guti\u00e9rrez) fueron derrocados.<\/p>\n<p>Bajo ese \u201cmodelo empresarial\u201d de desarrollo, durante dos d\u00e9cadas se desinstitucionaliz\u00f3 al Estado, los \u00edndices sociales se deterioraron, creci\u00f3 la \u201cflexibilidad\u201d laboral, tambi\u00e9n la inequidad; igual la evasi\u00f3n y la elusi\u00f3n tributarias. Interesaban los \u201cbuenos negocios\u201d y las ganancias f\u00e1ciles. Se firmaron trece cartas de intenci\u00f3n con el FMI. La deuda pes\u00f3 sobre todos los presupuestos. No import\u00f3 la soberan\u00eda nacional. Hab\u00eda que \u201chonrar\u201d la deuda externa y \u201csalvar\u201d a los sectores privados: en 1983, con la primera \u201csucretizaci\u00f3n\u201d, en 1987 con la segunda, m\u00e1s grave y antinacional. Acompa\u00f1aron las renegociaciones beneficiosas a los acreedores, al capital financiero y los especuladores con bonos. En 1994 el \u201cPlan Brady\u201d, en 1999 el \u201csalvataje\u201d bancario, en el 2000 la dolarizaci\u00f3n y enseguida el canje a \u201cGlobal\u201d. Todo con gobiernos \u201cmodernos\u201d, abiertos al mercado; con funcionarios agenciosos, subordinados a los dict\u00e1menes for\u00e1neos.<\/p>\n<p>La naci\u00f3n ecuatoriana fue la v\u00edctima. Es lo que ha demostrado el Informe de la CAIC (2008): realidades y tratamientos de la \u201cdeuda neoliberal\u201d comparables a los que se hizo con la \u201cdeuda de la Independencia\u201d. Hay casos de verdadera traici\u00f3n a la patria. Juegos financieros que literalmente \u201cvendieron\u201d al pa\u00eds. Como en el pasado, cuando se pon\u00edan tierras, minas, recursos nacionales, para \u201chonrar\u201d los pagos Y que dan cuenta de la existencia de una evidente deuda ileg\u00edtima.<\/p>\n<p>Como lo hemos recordado, Garc\u00eda Moreno y Eloy Alfaro coincidieron, en sus respectivos tiempos, en declarar unilateralmente la suspensi\u00f3n del pago de la deuda externa. Hoy, la declaraci\u00f3n sobre deuda ileg\u00edtima del gobierno del presidente Rafael Correa, se ubica en la l\u00ednea hist\u00f3rica de las reivindicaciones por la soberan\u00eda y en la opci\u00f3n prioritaria de la vida y el trabajo de los ecuatorianos y ecuatorianas por sobre la deuda externa.<\/p>\n","protected":false},"excerpt":{"rendered":"<p>&#8230;\u00bbEn 1982 estall\u00f3 la crisis de la deuda. Entre 1984-1988 otra desgracia: el gobierno de Le\u00f3n Febres Cordero y desde entonces el afianzamiento de un modelo econ\u00f3mico dependiente del capital financiero transnacional, condicionado por el FMI, orientado por el \u201cneoliberalismo\u201d, sujeto a los intereses de las c\u00e1maras de la producci\u00f3n, promotor del mercado libre y, sobre todo, vinculado al poder olig\u00e1rquico. Ese modelo se consolid\u00f3 con el gobierno de Sixto Dur\u00e1n Ball\u00e9n (1992-1996). Y en los siguientes diez a\u00f1os se reforz\u00f3 junto a la crisis gubernamental, pues se sucedieron siete gobiernos, un intento dictatorial y los \u00fanicos tres presidentes electos (Abdala Bucaram, Jamil Mahuad y Lucio Guti\u00e9rrez) fueron derrocados.\u00bb&#8230;<\/p>\n","protected":false},"author":1,"featured_media":0,"comment_status":"open","ping_status":"open","sticky":false,"template":"","format":"standard","meta":{"footnotes":""},"categories":[7],"tags":[],"class_list":["post-1042","post","type-post","status-publish","format-standard","hentry","category-general"],"blocksy_meta":[],"_links":{"self":[{"href":"https:\/\/politicaysociedad.com\/index.php\/wp-json\/wp\/v2\/posts\/1042","targetHints":{"allow":["GET"]}}],"collection":[{"href":"https:\/\/politicaysociedad.com\/index.php\/wp-json\/wp\/v2\/posts"}],"about":[{"href":"https:\/\/politicaysociedad.com\/index.php\/wp-json\/wp\/v2\/types\/post"}],"author":[{"embeddable":true,"href":"https:\/\/politicaysociedad.com\/index.php\/wp-json\/wp\/v2\/users\/1"}],"replies":[{"embeddable":true,"href":"https:\/\/politicaysociedad.com\/index.php\/wp-json\/wp\/v2\/comments?post=1042"}],"version-history":[{"count":0,"href":"https:\/\/politicaysociedad.com\/index.php\/wp-json\/wp\/v2\/posts\/1042\/revisions"}],"wp:attachment":[{"href":"https:\/\/politicaysociedad.com\/index.php\/wp-json\/wp\/v2\/media?parent=1042"}],"wp:term":[{"taxonomy":"category","embeddable":true,"href":"https:\/\/politicaysociedad.com\/index.php\/wp-json\/wp\/v2\/categories?post=1042"},{"taxonomy":"post_tag","embeddable":true,"href":"https:\/\/politicaysociedad.com\/index.php\/wp-json\/wp\/v2\/tags?post=1042"}],"curies":[{"name":"wp","href":"https:\/\/api.w.org\/{rel}","templated":true}]}}